{"id":8434,"date":"2020-02-05T08:40:28","date_gmt":"2020-02-05T14:40:28","guid":{"rendered":"http:\/\/www.zonaroja.com.mx\/?p=8434"},"modified":"2020-02-05T08:40:32","modified_gmt":"2020-02-05T14:40:32","slug":"reportan-estable-a-diaz-pantoja-confederacion-libertad-descarta-movilizaciones","status":"publish","type":"post","link":"https:\/\/zonaroja.com.mx\/?p=8434","title":{"rendered":"Reportan estable a D\u00edaz Pantoja; Confederaci\u00f3n \u201cLibertad\u201d descarta movilizaciones"},"content":{"rendered":"\n<p>Redacci\u00f3n\/Zona Roja.<\/p>\n\n\n\n<p>Oaxaca de Ju\u00e1rez, Oax., 5 de febrero de\n2020.- Fuentes de la Confederaci\u00f3n \u201cLibertad\u201d de Trabajadores de M\u00e9xico\nreportaron como estable la salud de Guadalupe D\u00edaz Pantoja, baleada anoche en\nla colonia Reforma de la ciudad de Oaxaca.<\/p>\n\n\n\n<p>Asimismo, a trav\u00e9s de redes sociales,\nla organizaci\u00f3n de transportistas descart\u00f3 movilizaciones:<\/p>\n\n\n\n<p>\u201cLa sria. de esta Confederaci\u00f3n, Guadalupe D\u00edaz Pantoja, agradeci\u00f3 el apoyo, luego de ser lesionada con arma de fuego. Llam\u00f3 a mantener la calma y no bloquear, puesto que junto con la dirigencia estatal y nacional se acordar\u00e1n acciones ante este cobarde ataque\u201d, difundi\u00f3.<\/p>\n\n\n\n<figure class=\"wp-block-image\"><img decoding=\"async\" width=\"948\" height=\"1024\" src=\"http:\/\/www.zonaroja.com.mx\/wp-content\/uploads\/2020\/02\/Guadalupe-D\u00edaz-Pantoja-2-948x1024.jpg\" alt=\"\" class=\"wp-image-8436\" srcset=\"https:\/\/zonaroja.com.mx\/wp-content\/uploads\/2020\/02\/Guadalupe-D\u00edaz-Pantoja-2-948x1024.jpg 948w, https:\/\/zonaroja.com.mx\/wp-content\/uploads\/2020\/02\/Guadalupe-D\u00edaz-Pantoja-2-278x300.jpg 278w, https:\/\/zonaroja.com.mx\/wp-content\/uploads\/2020\/02\/Guadalupe-D\u00edaz-Pantoja-2-768x830.jpg 768w, https:\/\/zonaroja.com.mx\/wp-content\/uploads\/2020\/02\/Guadalupe-D\u00edaz-Pantoja-2-585x632.jpg 585w, https:\/\/zonaroja.com.mx\/wp-content\/uploads\/2020\/02\/Guadalupe-D\u00edaz-Pantoja-2.jpg 960w\" sizes=\"(max-width: 948px) 100vw, 948px\" \/><\/figure>\n\n\n\n<p>La dirigente de ese gremio fue baleada alrededor\nde las 22:00 horas de ayer por sujetos desconocidos en la calle Violetas\nesquina \u00c1lamos, de la colonia Reforma en la capital, tras lo cual huy\u00f3 hacia el\nnorte.<\/p>\n\n\n\n<p>Su camioneta, marca Jeep, tipo\nCherokee, con placas de circulaci\u00f3n PXR-94-39, fue hallada en calles del\nfraccionamiento Los R\u00edos.<\/p>\n\n\n\n<p>La Fiscal\u00eda General del Estado de Oaxaca no ha dado una postura al respecto y s\u00f3lo a trav\u00e9s de redes sociales, presuntamente por personal de esa instancia, se difundi\u00f3 que se trat\u00f3 de un ataque por parte de elementos de la Polic\u00eda Estatal.<\/p>\n\n\n\n<figure class=\"wp-block-image\"><img decoding=\"async\" width=\"360\" height=\"253\" src=\"http:\/\/www.zonaroja.com.mx\/wp-content\/uploads\/2020\/02\/Camioneta-D\u00edaz-Pantoja.jpg\" alt=\"\" class=\"wp-image-8430\" srcset=\"https:\/\/zonaroja.com.mx\/wp-content\/uploads\/2020\/02\/Camioneta-D\u00edaz-Pantoja.jpg 360w, https:\/\/zonaroja.com.mx\/wp-content\/uploads\/2020\/02\/Camioneta-D\u00edaz-Pantoja-300x211.jpg 300w\" sizes=\"(max-width: 360px) 100vw, 360px\" \/><\/figure>\n","protected":false},"excerpt":{"rendered":"<p>Redacci\u00f3n\/Zona Roja. Oaxaca de Ju\u00e1rez, Oax., 5 de febrero de 2020.- Fuentes de la Confederaci\u00f3n&hellip;<\/p>\n","protected":false},"author":2,"featured_media":8435,"comment_status":"closed","ping_status":"open","sticky":false,"template":"","format":"standard","meta":{"_lmt_disableupdate":"","_lmt_disable":"","_jetpack_memberships_contains_paid_content":false,"footnotes":""},"categories":[109,51],"tags":[264],"class_list":["post-8434","post","type-post","status-publish","format-standard","has-post-thumbnail","hentry","category-minuto-a-minuto","category-zona-roja","tag-guadalupe-diaz-pantoja"],"jetpack_featured_media_url":"https:\/\/zonaroja.com.mx\/wp-content\/uploads\/2020\/02\/Camioneta-D\u00edaz-Pantoja-1.jpg","jetpack_sharing_enabled":true,"_links":{"self":[{"href":"https:\/\/zonaroja.com.mx\/index.php?rest_route=\/wp\/v2\/posts\/8434","targetHints":{"allow":["GET"]}}],"collection":[{"href":"https:\/\/zonaroja.com.mx\/index.php?rest_route=\/wp\/v2\/posts"}],"about":[{"href":"https:\/\/zonaroja.com.mx\/index.php?rest_route=\/wp\/v2\/types\/post"}],"author":[{"embeddable":true,"href":"https:\/\/zonaroja.com.mx\/index.php?rest_route=\/wp\/v2\/users\/2"}],"replies":[{"embeddable":true,"href":"https:\/\/zonaroja.com.mx\/index.php?rest_route=%2Fwp%2Fv2%2Fcomments&post=8434"}],"version-history":[{"count":1,"href":"https:\/\/zonaroja.com.mx\/index.php?rest_route=\/wp\/v2\/posts\/8434\/revisions"}],"predecessor-version":[{"id":8437,"href":"https:\/\/zonaroja.com.mx\/index.php?rest_route=\/wp\/v2\/posts\/8434\/revisions\/8437"}],"wp:featuredmedia":[{"embeddable":true,"href":"https:\/\/zonaroja.com.mx\/index.php?rest_route=\/wp\/v2\/media\/8435"}],"wp:attachment":[{"href":"https:\/\/zonaroja.com.mx\/index.php?rest_route=%2Fwp%2Fv2%2Fmedia&parent=8434"}],"wp:term":[{"taxonomy":"category","embeddable":true,"href":"https:\/\/zonaroja.com.mx\/index.php?rest_route=%2Fwp%2Fv2%2Fcategories&post=8434"},{"taxonomy":"post_tag","embeddable":true,"href":"https:\/\/zonaroja.com.mx\/index.php?rest_route=%2Fwp%2Fv2%2Ftags&post=8434"}],"curies":[{"name":"wp","href":"https:\/\/api.w.org\/{rel}","templated":true}]}}