{"id":84342,"date":"2025-09-06T16:37:14","date_gmt":"2025-09-06T22:37:14","guid":{"rendered":"https:\/\/zonaroja.com.mx\/?p=84342"},"modified":"2025-09-06T17:31:16","modified_gmt":"2025-09-06T23:31:16","slug":"detienen-a-altos-mandos-de-la-marina-por-huachicoleros","status":"publish","type":"post","link":"https:\/\/zonaroja.com.mx\/?p=84342","title":{"rendered":"Detienen a un alto mandos de la Marina por \u201chuachicolero\u201d"},"content":{"rendered":"\n<p>Redacci\u00f3n\/Zona Roja Cdmx.<\/p>\n\n\n\n<p>Ciudad de M\u00e9xico, a 6 de septiembre de 2025.- Roberto Far\u00edas Laguna y Francisco Javier Antonio Mart\u00ednez son algunos de los detenidos por su probable participaci\u00f3n en un esquema de \u201chuachicol\u201d fiscal, seg\u00fan el Registro Nacional de Detenciones.<\/p>\n\n\n\n<p>La informaci\u00f3n fue confirmada por el secretario de Seguridad, Omar Garc\u00eda Harfuch, quien detall\u00f3 que la aprehensi\u00f3n de los servidores p\u00fablicos y funcionarios est\u00e1 relacionada con el ingreso de un buque a Tampico, Tamaulipas, con 10 millones de litros de hidrocarburos.<\/p>\n\n\n\n<p>Roberto Far\u00edas Laguna est\u00e1 se\u00f1alado por presuntos v\u00ednculos con \u201chuachicoleo\u201d fiscal. <\/p>\n\n\n\n<p>Es vicealmirante de la Secretar\u00eda de Marina y sobrino pol\u00edtico del exsecretario de Marina, Rafael Ojeda Dur\u00e1n, lo que ha generado controversia y cuestionamientos sobre nepotismo y corrupci\u00f3n en el \u00e1mbito gubernamental.<\/p>\n\n\n\n<p>Entre los cargos desempe\u00f1ados por Roberto Far\u00edas Laguna est\u00e1n los siguientes:<br \/>&#8211; Comandante de la XII Zona Naval en Puerto Vallarta, Jalisco, hasta enero de 2024.<br \/>&#8211; Subjefe de servicios en el Centro de Estudios Superiores Navales.<br \/>&#8211; Secretario particular del subsecretario Almirante Jos\u00e9 Luis Arellano Ruiz y del exsecretario Rafael Ojeda.<\/p>\n\n\n\n<p>Francisco Javier Antonio Mart\u00ednez es acusado de complicidad en el caso de \u201chuachicol\u201d y plantea interrogantes sobre la corrupci\u00f3n en las instituciones gubernamentales.<\/p>\n\n\n\n<p>Francisco Javier Antonio Mart\u00ednez es exfuncionario de la Administraci\u00f3n del Sistema Portuario Nacional (ASIPONA) en Tampico, donde se desempe\u00f1aba como director administrativo y de finanzas.<\/p>\n\n\n\n<p>Francisco Javier Antonio Mart\u00ednez ingres\u00f3 al Servicio de Administraci\u00f3n Tributaria (SAT) en 2013. A lo largo de los a\u00f1os, ocup\u00f3 diferentes cargos, entre ellos los siguientes:<\/p>\n\n\n\n<p>-Jefe de departamento en la Administraci\u00f3n General de Evaluaci\u00f3n.<br \/>Subadministrador en la misma \u00e1rea.<br \/>-Administrador de Proyectos Aduaneros en 2015.<br \/>-Administrador de la Aduana de Matamoros entre 2017 y 2018.<br \/>-Jefe de departamento de Recintos Fiscalizados en la Aduana de M\u00e9xico (Pantaco) en 2019.<br \/>-En 2024, asumi\u00f3 la Gerencia de Administraci\u00f3n y Finanzas de ASIPONA Tampico, dependiente de la Secretar\u00eda de Marina.<br \/>LO QUE SE SABE<br \/>El esc\u00e1ndalo que involucra a Francisco Javier Antonio Mart\u00ednez comenz\u00f3 a tomar forma cuando se revel\u00f3 que era socio de los due\u00f1os de Intanza, una empresa que import\u00f3 di\u00e9sel ilegal a M\u00e9xico.<\/p>\n\n\n\n<p>Este combustible fue asegurado por las autoridades tras llegar en el buque Challenge Procyon procedente de Beaumont, Texas.<\/p>\n\n\n\n<p>La denuncia surgi\u00f3 de Mexicanos Contra la Corrupci\u00f3n y la Impunidad (MCCI), que expuso su relaci\u00f3n con la empresa y los propietarios Ricardo Ay\u00f3n Rodr\u00edguez y Ramiro Rocha Alvarado.<\/p>\n\n\n\n<p>El 31 de marzo, las autoridades mexicanas realizaron un decomiso hist\u00f3rico de 10 millones de litros de \u201chuachicol\u201d en Tamaulipas.<\/p>\n\n\n\n<p>Sin embargo, documentos judiciales sugieren que el buque que arrib\u00f3 al puerto de Tampico llevaba el doble de carga, es decir, 20 millones de litros de di\u00e9sel.<\/p>\n\n\n\n<p>El \u201chuachicol\u201d, o tr\u00e1fico ilegal de combustible, ha sido un problema persistente en M\u00e9xico, y las autoridades contin\u00faan luchando contra esta actividad delictiva.<\/p>\n\n\n\n<p>(Informaci\u00f3n de \u201cEl Financiero\u201d)<\/p>\n","protected":false},"excerpt":{"rendered":"<p>Redacci\u00f3n\/Zona Roja Cdmx. Ciudad de M\u00e9xico, a 6 de septiembre de 2025.- Roberto Far\u00edas Laguna&hellip;<\/p>\n","protected":false},"author":2,"featured_media":84341,"comment_status":"closed","ping_status":"open","sticky":false,"template":"","format":"standard","meta":{"_lmt_disableupdate":"","_lmt_disable":"","_jetpack_memberships_contains_paid_content":false,"footnotes":""},"categories":[1,47],"tags":[],"class_list":["post-84342","post","type-post","status-publish","format-standard","has-post-thumbnail","hentry","category-sin-categoria","category-zona-gris"],"jetpack_featured_media_url":"https:\/\/zonaroja.com.mx\/wp-content\/uploads\/2025\/09\/img_0557.jpg","jetpack_sharing_enabled":true,"_links":{"self":[{"href":"https:\/\/zonaroja.com.mx\/index.php?rest_route=\/wp\/v2\/posts\/84342","targetHints":{"allow":["GET"]}}],"collection":[{"href":"https:\/\/zonaroja.com.mx\/index.php?rest_route=\/wp\/v2\/posts"}],"about":[{"href":"https:\/\/zonaroja.com.mx\/index.php?rest_route=\/wp\/v2\/types\/post"}],"author":[{"embeddable":true,"href":"https:\/\/zonaroja.com.mx\/index.php?rest_route=\/wp\/v2\/users\/2"}],"replies":[{"embeddable":true,"href":"https:\/\/zonaroja.com.mx\/index.php?rest_route=%2Fwp%2Fv2%2Fcomments&post=84342"}],"version-history":[{"count":2,"href":"https:\/\/zonaroja.com.mx\/index.php?rest_route=\/wp\/v2\/posts\/84342\/revisions"}],"predecessor-version":[{"id":84344,"href":"https:\/\/zonaroja.com.mx\/index.php?rest_route=\/wp\/v2\/posts\/84342\/revisions\/84344"}],"wp:featuredmedia":[{"embeddable":true,"href":"https:\/\/zonaroja.com.mx\/index.php?rest_route=\/wp\/v2\/media\/84341"}],"wp:attachment":[{"href":"https:\/\/zonaroja.com.mx\/index.php?rest_route=%2Fwp%2Fv2%2Fmedia&parent=84342"}],"wp:term":[{"taxonomy":"category","embeddable":true,"href":"https:\/\/zonaroja.com.mx\/index.php?rest_route=%2Fwp%2Fv2%2Fcategories&post=84342"},{"taxonomy":"post_tag","embeddable":true,"href":"https:\/\/zonaroja.com.mx\/index.php?rest_route=%2Fwp%2Fv2%2Ftags&post=84342"}],"curies":[{"name":"wp","href":"https:\/\/api.w.org\/{rel}","templated":true}]}}