{"id":84346,"date":"2025-09-06T18:37:58","date_gmt":"2025-09-07T00:37:58","guid":{"rendered":"https:\/\/zonaroja.com.mx\/?p=84346"},"modified":"2025-09-06T18:37:58","modified_gmt":"2025-09-07T00:37:58","slug":"detiene-la-fiscalia-a-probable-responsable-del-asesinato-a-un-estudiante","status":"publish","type":"post","link":"https:\/\/zonaroja.com.mx\/?p=84346","title":{"rendered":"Detiene la Fiscal\u00eda a probable responsable del asesinato a un estudiante&nbsp;"},"content":{"rendered":"\n<p>Redacci\u00f3n\/Zona Roja.&nbsp;<\/p>\n\n\n\n<p>Oaxaca, Oax., a 6 de septiembre de 2025.-&nbsp;La Fiscal\u00eda General del Estado de Oaxaca realiz\u00f3 la detenci\u00f3n de una persona del sexo masculino, por su probable responsabilidad en la comisi\u00f3n de un homicidio, delito ocurrido en agravio de un estudiante en la ciudad de Huajuapan de Le\u00f3n.<\/p>\n\n\n\n<p>Gracias a la activaci\u00f3n inmediata de protocolos de investigaci\u00f3n, menos de 48 horas despu\u00e9s de cometido el delito, la Fiscal\u00eda de Oaxaca logr\u00f3 obtener pistas del paradero de la persona detenida, quien fue localizada en una comunidad del estado de Puebla .<\/p>\n\n\n\n<p>Derivado de estos trabajos, ministeriales, encabezados por la Vicefiscal\u00eda Regional de la Mixteca, junto con la Fiscal\u00eda Especializada en Justicia. para Adolescentes. Se realiz\u00f3 un operativo conjunto con la Fiscal\u00eda&nbsp; de Puebla para la captura del imputado.<\/p>\n\n\n\n<p>Luego de su detenci\u00f3n, la persona detenida ser\u00e1 trasladada al estado de Oaxaca, para quedar a disposici\u00f3n de las autoridades ministeriales correspondientes, para que se resuelva su situaci\u00f3n jur\u00eddica.<\/p>\n\n\n\n<p>Respecto a los hechos, estos sucedieron en la colonia Las Campanas de Huajuapan de Le\u00f3n, donde el 4 de septiembre de 2025, localizaron el cuerpo sin vida de un adolescente .&nbsp;<\/p>\n","protected":false},"excerpt":{"rendered":"<p>Redacci\u00f3n\/Zona Roja.&nbsp; Oaxaca, Oax., a 6 de septiembre de 2025.-&nbsp;La Fiscal\u00eda General del Estado de&hellip;<\/p>\n","protected":false},"author":2,"featured_media":84345,"comment_status":"closed","ping_status":"open","sticky":false,"template":"","format":"standard","meta":{"_lmt_disableupdate":"","_lmt_disable":"","_jetpack_memberships_contains_paid_content":false,"footnotes":""},"categories":[109,46],"tags":[],"class_list":["post-84346","post","type-post","status-publish","format-standard","has-post-thumbnail","hentry","category-minuto-a-minuto","category-zona-blanca"],"jetpack_featured_media_url":"https:\/\/zonaroja.com.mx\/wp-content\/uploads\/2025\/09\/img_0564.jpg","jetpack_sharing_enabled":true,"_links":{"self":[{"href":"https:\/\/zonaroja.com.mx\/index.php?rest_route=\/wp\/v2\/posts\/84346","targetHints":{"allow":["GET"]}}],"collection":[{"href":"https:\/\/zonaroja.com.mx\/index.php?rest_route=\/wp\/v2\/posts"}],"about":[{"href":"https:\/\/zonaroja.com.mx\/index.php?rest_route=\/wp\/v2\/types\/post"}],"author":[{"embeddable":true,"href":"https:\/\/zonaroja.com.mx\/index.php?rest_route=\/wp\/v2\/users\/2"}],"replies":[{"embeddable":true,"href":"https:\/\/zonaroja.com.mx\/index.php?rest_route=%2Fwp%2Fv2%2Fcomments&post=84346"}],"version-history":[{"count":1,"href":"https:\/\/zonaroja.com.mx\/index.php?rest_route=\/wp\/v2\/posts\/84346\/revisions"}],"predecessor-version":[{"id":84347,"href":"https:\/\/zonaroja.com.mx\/index.php?rest_route=\/wp\/v2\/posts\/84346\/revisions\/84347"}],"wp:featuredmedia":[{"embeddable":true,"href":"https:\/\/zonaroja.com.mx\/index.php?rest_route=\/wp\/v2\/media\/84345"}],"wp:attachment":[{"href":"https:\/\/zonaroja.com.mx\/index.php?rest_route=%2Fwp%2Fv2%2Fmedia&parent=84346"}],"wp:term":[{"taxonomy":"category","embeddable":true,"href":"https:\/\/zonaroja.com.mx\/index.php?rest_route=%2Fwp%2Fv2%2Fcategories&post=84346"},{"taxonomy":"post_tag","embeddable":true,"href":"https:\/\/zonaroja.com.mx\/index.php?rest_route=%2Fwp%2Fv2%2Ftags&post=84346"}],"curies":[{"name":"wp","href":"https:\/\/api.w.org\/{rel}","templated":true}]}}