{"id":84349,"date":"2025-09-06T19:47:18","date_gmt":"2025-09-07T01:47:18","guid":{"rendered":"https:\/\/zonaroja.com.mx\/?p=84349"},"modified":"2025-09-06T19:47:18","modified_gmt":"2025-09-07T01:47:18","slug":"recientes-ataques-de-israel-dejan-al-menos-70-muertos-en-gaza","status":"publish","type":"post","link":"https:\/\/zonaroja.com.mx\/?p=84349","title":{"rendered":"Recientes ataques de Israel dejan al menos 70 muertos en Gaza"},"content":{"rendered":"\n<p>Redacci\u00f3n\/Zona Roja Cdmx. <\/p>\n\n\n\n<p>Ciudad de M\u00e9xico, a 6 de septiembre de 2015.- Casi 70 personas han perdido la vida y otras 422 han sufrido heridas en la franja de Gaza durante las \u00faltimas 24 horas, inform\u00f3&nbsp;este viernes&nbsp;el Ministerio de Salud del enclave palestino.<\/p>\n\n\n\n<p>\u00abEn las \u00faltimas 24 horas, los hospitales de la franja de Gaza han recibido a 69 muertos y 422 heridos\u00bb, indica el comunicado publicado en Telegram .<\/p>\n\n\n\n<p>Seg\u00fan el recuento actualizado del ministerio, un total de 64 mil 300 personas han muerto y 162 mil cinco han resultado heridas a manos de Israel en la franja de Gaza desde el 7 de octubre de 2023.<\/p>\n\n\n\n<p>El ente precis\u00f3 que desde el 18 de marzo de 2025, las cifras son de 11 mil 768 fallecidos y 49 mil 964 heridos.<\/p>\n\n\n\n<p>La guerra en la franja de Gaza estall\u00f3 despu\u00e9s de que miles de palestinos liderados por Hamas atacaran el 7 de octubre de 2023 el sur de Israel, matando a unas mil 200 personas, la mayor\u00eda civiles, dejando cerca de 5 mil 500 heridos, y tomando a 251 rehenes.<\/p>\n\n\n\n<p>Luego de una tregua entre enero y marzo de 2025, Israel dej\u00f3 de suministrar electricidad a la planta desalinizadora en la Franja de Gaza y cerr\u00f3 el acceso a la entrada de camiones de ayuda humanitaria al enclave.<\/p>\n\n\n\n<p>En los \u00faltimos meses, el primer ministro israel\u00ed, Benjam\u00edn Netanyahu, permiti\u00f3 la entrada de ayuda, debido a la presi\u00f3n internacional, y adjudic\u00f3 a la Fundaci\u00f3n Humanitaria para Gaza (GHF, por sus siglas en ingl\u00e9s) el reparto, en contra de la opini\u00f3n de todas las organizaciones que trabajan sobre el terreno, que la consideran una empresa no profesional humanitaria y proisrael\u00ed.<\/p>\n\n\n\n<p>(Informaci\u00f3n de \u201cLa Jornada\u201d)<\/p>\n","protected":false},"excerpt":{"rendered":"<p>Redacci\u00f3n\/Zona Roja Cdmx. Ciudad de M\u00e9xico, a 6 de septiembre de 2015.- Casi 70 personas&hellip;<\/p>\n","protected":false},"author":2,"featured_media":84348,"comment_status":"closed","ping_status":"open","sticky":false,"template":"","format":"standard","meta":{"_lmt_disableupdate":"","_lmt_disable":"","_jetpack_memberships_contains_paid_content":false,"footnotes":""},"categories":[1,47],"tags":[2668],"class_list":["post-84349","post","type-post","status-publish","format-standard","has-post-thumbnail","hentry","category-sin-categoria","category-zona-gris","tag-conflicto-gaza-israel"],"jetpack_featured_media_url":"https:\/\/zonaroja.com.mx\/wp-content\/uploads\/2025\/09\/img_0579.jpg","jetpack_sharing_enabled":true,"_links":{"self":[{"href":"https:\/\/zonaroja.com.mx\/index.php?rest_route=\/wp\/v2\/posts\/84349","targetHints":{"allow":["GET"]}}],"collection":[{"href":"https:\/\/zonaroja.com.mx\/index.php?rest_route=\/wp\/v2\/posts"}],"about":[{"href":"https:\/\/zonaroja.com.mx\/index.php?rest_route=\/wp\/v2\/types\/post"}],"author":[{"embeddable":true,"href":"https:\/\/zonaroja.com.mx\/index.php?rest_route=\/wp\/v2\/users\/2"}],"replies":[{"embeddable":true,"href":"https:\/\/zonaroja.com.mx\/index.php?rest_route=%2Fwp%2Fv2%2Fcomments&post=84349"}],"version-history":[{"count":1,"href":"https:\/\/zonaroja.com.mx\/index.php?rest_route=\/wp\/v2\/posts\/84349\/revisions"}],"predecessor-version":[{"id":84350,"href":"https:\/\/zonaroja.com.mx\/index.php?rest_route=\/wp\/v2\/posts\/84349\/revisions\/84350"}],"wp:featuredmedia":[{"embeddable":true,"href":"https:\/\/zonaroja.com.mx\/index.php?rest_route=\/wp\/v2\/media\/84348"}],"wp:attachment":[{"href":"https:\/\/zonaroja.com.mx\/index.php?rest_route=%2Fwp%2Fv2%2Fmedia&parent=84349"}],"wp:term":[{"taxonomy":"category","embeddable":true,"href":"https:\/\/zonaroja.com.mx\/index.php?rest_route=%2Fwp%2Fv2%2Fcategories&post=84349"},{"taxonomy":"post_tag","embeddable":true,"href":"https:\/\/zonaroja.com.mx\/index.php?rest_route=%2Fwp%2Fv2%2Ftags&post=84349"}],"curies":[{"name":"wp","href":"https:\/\/api.w.org\/{rel}","templated":true}]}}