{"id":84352,"date":"2025-09-06T21:07:33","date_gmt":"2025-09-07T03:07:33","guid":{"rendered":"https:\/\/zonaroja.com.mx\/?p=84352"},"modified":"2025-09-06T21:07:33","modified_gmt":"2025-09-07T03:07:33","slug":"descarta-fiscalia-que-asesinatos-sean-por-eleccion-de-edil-de-amoltepec","status":"publish","type":"post","link":"https:\/\/zonaroja.com.mx\/?p=84352","title":{"rendered":"Descarta Fiscal\u00eda que asesinatos sean por elecci\u00f3n de edil de Amoltepec"},"content":{"rendered":"\n<p>Lisbeth Mej\u00eda Reyes\/Zona Roja.&nbsp;<\/p>\n\n\n\n<p>Oaxaca, Oax., a 6 de septiembre de 2025.- La Fiscal\u00eda General del Estado de Oaxaca (FGEO) descart\u00f3 de manera preliminar que haya indicios que vinculen los homicidios de dos personas en Santiago Amoltepec con el proceso electoral.<\/p>\n\n\n\n<p>\u00abHasta ahorita no tenemos se\u00f1alado que tenga que ver con un asunto electoral\u00bb, respondi\u00f3 el fiscal general, Bernardo Rodr\u00edguez Alamilla, en entrevista colectiva este s\u00e1bado, d\u00eda de la asamblea en Amoltepec.&nbsp;<\/p>\n\n\n\n<p>Aunque detall\u00f3 que las indagatorias contin\u00faan y solamente se sabe que son dos personas de sexo masculino, esto en relaci\u00f3n a que presuntamente se trata de los hermanos Domingo y Laureano H. G.<\/p>\n\n\n\n<p>\u00abEstamos identific\u00e1ndolos, sabemos que (el doble crimen) fue afuera de una tienda\u00bb, dijo el fiscal respecto al ataque armado. <\/p>\n\n\n\n<p>Previamente, a trav\u00e9s de un bolet\u00edn, la FGEO inform\u00f3 que mediante la Fiscal\u00eda Especializada en Delitos Electorales (FEDE) se trabaja en la zona \u00abpara que el proceso electoral en curso se lleve a cabo sin contratiempos para la comunidad y la poblaci\u00f3n\u00bb.&nbsp;<\/p>\n\n\n\n<p>De los homicidios, detall\u00f3 que ocurrieron la noche del viernes 5 de septiembre de 2025, en la agencia de Polic\u00eda de Llano Grande, perteneciente a Santiago Amoltepec\u00bb.<\/p>\n\n\n\n<p>HISTORIA DE VIOLENCIA<\/p>\n\n\n\n<p>El clima de inseguridad y de problemas pol\u00edticos se mantiene en este municipio del distrito de Sola de Vega, en donde el pasado 15 e mayo fue asesinado el presidente municipal, Mario Hern\u00e1ndez Garc\u00eda.&nbsp;<\/p>\n\n\n\n<p>En ese ataque armado en contra de su veh\u00edculo tambi\u00e9n perdieron la vida su chofer y un polic\u00eda.&nbsp;<\/p>\n\n\n\n<p>Despu\u00e9s de Hern\u00e1ndez, en el estado de Oaxaca tambi\u00e9n fue asesinada Lilia Gema Garc\u00eda Soto, presidenta de San Mateo Pi\u00f1as el 15 de junio.<\/p>\n\n\n\n<p>En el caso de Amoltepec, el conflicto pol\u00edtico ha escalado previo a las elecciones de este s\u00e1bado y aun cuando el Congreso local aval\u00f3 el pasado 1 de agosto a Claudio Ruiz Hern\u00e1ndez como presidente en relevo de Mario Hern\u00e1ndez, conforme a la Ley Org\u00e1nica Municipal.&nbsp;<\/p>\n\n\n\n<p>En este cargo, Claudio est\u00e1 del 18 de mayo al 31 de diciembre, seg\u00fan el acuerdo del congreso.<\/p>\n\n\n\n<p>En los \u00faltimos meses han habido disputas entre grupos contrarios de la comunidad y tambi\u00e9n la detenci\u00f3n de uno de los contendientes a la presidencia, Feliciano Jim\u00e9nez Roque junto con su esposa Serena Yesca.<\/p>\n\n\n\n<p>Sobre esta detenci\u00f3n ocurrida el 19 de agosto, parte de la comunidad ha denunciado que fue de manera arbitraria, por lo que desde el Congreso de la Uni\u00f3n tambi\u00e9n se exigi\u00f3 su liberaci\u00f3n inmediata.<\/p>\n\n\n\n<p>Fue el diputado federal del Partido del Trabajo Luis Armando D\u00edaz quien present\u00f3 un punto de acuerdo para que la Fiscal\u00eda General de la Rep\u00fablica intervenga en el caso y exigi\u00f3 a las autoridades locales y las federales \u00abel esclarecimiento de estos hechos y el paradero de Feliciano Jim\u00e9nez\u00bb.<\/p>\n\n\n\n<p><\/p>\n","protected":false},"excerpt":{"rendered":"<p>Lisbeth Mej\u00eda Reyes\/Zona Roja.&nbsp; Oaxaca, Oax., a 6 de septiembre de 2025.- La Fiscal\u00eda General&hellip;<\/p>\n","protected":false},"author":2,"featured_media":0,"comment_status":"closed","ping_status":"open","sticky":false,"template":"","format":"standard","meta":{"_lmt_disableupdate":"","_lmt_disable":"","_jetpack_memberships_contains_paid_content":false,"footnotes":""},"categories":[109,51],"tags":[860],"class_list":["post-84352","post","type-post","status-publish","format-standard","hentry","category-minuto-a-minuto","category-zona-roja","tag-santiago-amoltepec"],"jetpack_featured_media_url":"","jetpack_sharing_enabled":true,"_links":{"self":[{"href":"https:\/\/zonaroja.com.mx\/index.php?rest_route=\/wp\/v2\/posts\/84352","targetHints":{"allow":["GET"]}}],"collection":[{"href":"https:\/\/zonaroja.com.mx\/index.php?rest_route=\/wp\/v2\/posts"}],"about":[{"href":"https:\/\/zonaroja.com.mx\/index.php?rest_route=\/wp\/v2\/types\/post"}],"author":[{"embeddable":true,"href":"https:\/\/zonaroja.com.mx\/index.php?rest_route=\/wp\/v2\/users\/2"}],"replies":[{"embeddable":true,"href":"https:\/\/zonaroja.com.mx\/index.php?rest_route=%2Fwp%2Fv2%2Fcomments&post=84352"}],"version-history":[{"count":1,"href":"https:\/\/zonaroja.com.mx\/index.php?rest_route=\/wp\/v2\/posts\/84352\/revisions"}],"predecessor-version":[{"id":84353,"href":"https:\/\/zonaroja.com.mx\/index.php?rest_route=\/wp\/v2\/posts\/84352\/revisions\/84353"}],"wp:attachment":[{"href":"https:\/\/zonaroja.com.mx\/index.php?rest_route=%2Fwp%2Fv2%2Fmedia&parent=84352"}],"wp:term":[{"taxonomy":"category","embeddable":true,"href":"https:\/\/zonaroja.com.mx\/index.php?rest_route=%2Fwp%2Fv2%2Fcategories&post=84352"},{"taxonomy":"post_tag","embeddable":true,"href":"https:\/\/zonaroja.com.mx\/index.php?rest_route=%2Fwp%2Fv2%2Ftags&post=84352"}],"curies":[{"name":"wp","href":"https:\/\/api.w.org\/{rel}","templated":true}]}}