{"id":84354,"date":"2025-09-07T07:45:00","date_gmt":"2025-09-07T13:45:00","guid":{"rendered":"https:\/\/zonaroja.com.mx\/?p=84354"},"modified":"2025-09-07T06:29:56","modified_gmt":"2025-09-07T12:29:56","slug":"implementan-en-oaxaca-protocolo-para-retorno-de-153-familias-desplazadas","status":"publish","type":"post","link":"https:\/\/zonaroja.com.mx\/?p=84354","title":{"rendered":"Implementan en Oaxaca protocolo para retorno de 153 familias desplazadas"},"content":{"rendered":"\n<p>Redacci\u00f3n\/Zona Roja.<\/p>\n\n\n\n<p>Oaxaca, Oax., a 7 de septiembre de 2025.- Por primera vez en la historia de Oaxaca, el Gobierno del Estado inici\u00f3 un proceso formal y organizado para el retorno de personas en situaci\u00f3n de desplazamiento forzado interno por un conflicto agrario.&nbsp;<\/p>\n\n\n\n<p>Se trata de 153 familias de la agencia Guadalupe Victoria, del municipio de San Juan Juquila Mixes, quienes han solicitado el regreso a sus hogares.<\/p>\n\n\n\n<p>Este desplazamiento forzado de 471 personas fue causado por la violencia vinculada al conflicto agrario por l\u00edmites de tierras entre San Juan Juquila Mixes y San Pedro Ocotepec.<\/p>\n\n\n\n<p>Despu\u00e9s de ocho a\u00f1os de haber abandonado sus hogares, estas personas podr\u00edan retornar a la agencia en el marco de un proceso informado, respetuoso, seguro y acompa\u00f1ado por las instituciones estatales, marcando un paso decisivo hacia la pacificaci\u00f3n y la reconstrucci\u00f3n del tejido social en la regi\u00f3n.<\/p>\n\n\n\n<p>El proceso representa un hito en materia de derechos humanos y construcci\u00f3n de paz, en donde los protocolos se han realizado con la participaci\u00f3n de v\u00edctimas, comunidades involucradas y sus autoridades.&nbsp;<\/p>\n\n\n\n<p>Este ser\u00eda el primer retorno humanitario organizado por una administraci\u00f3n estatal para garantizar la restituci\u00f3n de derechos y la reintegraci\u00f3n de las personas.<\/p>\n\n\n\n<p>El pasado viernes, en un marco de respeto y di\u00e1logo, un grupo representativo de 10 personas, integrantes de las familias desplazadas, llev\u00f3 a cabo una visor\u00eda en Guadalupe Victoria para revisar y documentar las condiciones en las que se encuentran sus viviendas.<\/p>\n\n\n\n<p>La visita cont\u00f3 con la participaci\u00f3n de equipos encabezados por la Secretar\u00eda de Gobierno, a trav\u00e9s de la Coordinaci\u00f3n de Delegados de Paz Social, la Coordinaci\u00f3n para la Atenci\u00f3n de los Derechos Humanos (CADH) y el Alto Comisionado de la Naciones Unidas para los Refugiados (ACNUR).<\/p>\n\n\n\n<p>Previo a esta actividad, se llev\u00f3 a cabo una reuni\u00f3n en la que la titular de la CADH, Flor Estela Morales Hern\u00e1ndez, reconoci\u00f3 el esfuerzo, la voluntad y el liderazgo de las autoridades locales para concretar este proceso de paz.<\/p>\n\n\n\n<p>Por su parte, el secretario municipal de Guadalupe Victoria, Amado Rodr\u00edguez agradeci\u00f3 al gobernador Salom\u00f3n Jara el compromiso con la comunidad, misma que est\u00e1 retomando la confianza con las autoridades para regresar al rumbo del desarrollo.&nbsp;<\/p>\n\n\n\n<p>Personal de salud trabaja en la reactivaci\u00f3n y equipamiento de la cl\u00ednica comunitaria. Aunado a ello, con el fin de fortalecer la reintegraci\u00f3n social de las y los habitantes, la Primavera Oaxaque\u00f1a ha comenzado la construcci\u00f3n de un parque comunitario.<\/p>\n\n\n\n<p>En este marco, el titular de la Secretar\u00eda de Seguridad y Protecci\u00f3n Ciudadana (SSPC), Iv\u00e1n Garc\u00eda \u00c1lvarez encabez\u00f3 un operativo de seguridad que involucr\u00f3 a la Polic\u00eda Estatal, Guardia Nacional, Agencia Estatal de Investigaciones, Secretar\u00eda de la Defensa Nacional, Secretar\u00eda de Marina y C4.<\/p>\n\n\n\n<p>Este proceso de retorno humanitario a Guadalupe Victoria representa un paso sin precedentes en Oaxaca, resultado de m\u00e1s de dos a\u00f1os de trabajo del Gobierno Estatal en la construcci\u00f3n de acuerdos, y constituye un modelo para el dise\u00f1o e implementaci\u00f3n de pol\u00edticas p\u00fablicas enfocadas en el retorno seguro y la reconstrucci\u00f3n del tejido social.<\/p>\n","protected":false},"excerpt":{"rendered":"<p>Redacci\u00f3n\/Zona Roja. Oaxaca, Oax., a 7 de septiembre de 2025.- Por primera vez en la&hellip;<\/p>\n","protected":false},"author":2,"featured_media":84359,"comment_status":"closed","ping_status":"open","sticky":false,"template":"","format":"standard","meta":{"_lmt_disableupdate":"","_lmt_disable":"","_jetpack_memberships_contains_paid_content":false,"footnotes":""},"categories":[109,46],"tags":[2822],"class_list":["post-84354","post","type-post","status-publish","format-standard","has-post-thumbnail","hentry","category-minuto-a-minuto","category-zona-blanca","tag-san-juan-juquila-mixe"],"jetpack_featured_media_url":"https:\/\/zonaroja.com.mx\/wp-content\/uploads\/2025\/09\/Desplazados-Guadalupe-Victoria-Juquila-Mixe.jpeg","jetpack_sharing_enabled":true,"_links":{"self":[{"href":"https:\/\/zonaroja.com.mx\/index.php?rest_route=\/wp\/v2\/posts\/84354","targetHints":{"allow":["GET"]}}],"collection":[{"href":"https:\/\/zonaroja.com.mx\/index.php?rest_route=\/wp\/v2\/posts"}],"about":[{"href":"https:\/\/zonaroja.com.mx\/index.php?rest_route=\/wp\/v2\/types\/post"}],"author":[{"embeddable":true,"href":"https:\/\/zonaroja.com.mx\/index.php?rest_route=\/wp\/v2\/users\/2"}],"replies":[{"embeddable":true,"href":"https:\/\/zonaroja.com.mx\/index.php?rest_route=%2Fwp%2Fv2%2Fcomments&post=84354"}],"version-history":[{"count":1,"href":"https:\/\/zonaroja.com.mx\/index.php?rest_route=\/wp\/v2\/posts\/84354\/revisions"}],"predecessor-version":[{"id":84360,"href":"https:\/\/zonaroja.com.mx\/index.php?rest_route=\/wp\/v2\/posts\/84354\/revisions\/84360"}],"wp:featuredmedia":[{"embeddable":true,"href":"https:\/\/zonaroja.com.mx\/index.php?rest_route=\/wp\/v2\/media\/84359"}],"wp:attachment":[{"href":"https:\/\/zonaroja.com.mx\/index.php?rest_route=%2Fwp%2Fv2%2Fmedia&parent=84354"}],"wp:term":[{"taxonomy":"category","embeddable":true,"href":"https:\/\/zonaroja.com.mx\/index.php?rest_route=%2Fwp%2Fv2%2Fcategories&post=84354"},{"taxonomy":"post_tag","embeddable":true,"href":"https:\/\/zonaroja.com.mx\/index.php?rest_route=%2Fwp%2Fv2%2Ftags&post=84354"}],"curies":[{"name":"wp","href":"https:\/\/api.w.org\/{rel}","templated":true}]}}