{"id":84361,"date":"2025-09-07T08:45:00","date_gmt":"2025-09-07T14:45:00","guid":{"rendered":"https:\/\/zonaroja.com.mx\/?p=84361"},"modified":"2025-09-07T06:53:22","modified_gmt":"2025-09-07T12:53:22","slug":"investigan-el-asesinato-de-dos-personas-en-tonameca-oaxaca","status":"publish","type":"post","link":"https:\/\/zonaroja.com.mx\/?p=84361","title":{"rendered":"Investigan el asesinato de dos personas, en Tonameca, Oaxaca"},"content":{"rendered":"\n<p>Raymundo Morales\/Zona Roja.<\/p>\n\n\n\n<p>Oaxaca, Oax., a 7 de septiembre de 2025.- La Fiscal\u00eda General del Estado de Oaxaca investiga el asesinato de dos personas, perpetrado este fin de semana en Santa Mar\u00eda Tonameca, municipio de la regi\u00f3n Costa.<\/p>\n\n\n\n<p>Los cuerpos fueron localizados a un costado de un camino de terracer\u00eda de la localidad de El Salitral y presentaban varios impactos de arma de fuego, as\u00ed como huellas de ejecuci\u00f3n.<\/p>\n\n\n\n<p>Param\u00e9dicos y corporaciones policiacas arribaron a la zona; sin embargo, tras la revisi\u00f3n preliminar, confirmaron que ya no contaban con signos vitales.<\/p>\n\n\n\n<p>Hasta el momento las v\u00edctimas a\u00fan no han sido identificadas y la Vicefiscal\u00eda Regional de la Costa, de la Fiscal\u00eda General del Estado, contin\u00faa con las labores de investigaci\u00f3n para esclarecer el caso.<\/p>\n\n\n\n<p>CONFIRMAN CRIMEN EN HUIXTEPEC<\/p>\n\n\n\n<p>Por otra parte, el fiscal General, Bernardo Rodr\u00edguez Alamilla, confirm\u00f3 en entrevista de ayer, que un cuerpo sin vida, con impactos de bala, fue localizado en jurisdicci\u00f3n de San Pablo Huixtepec, municipio de la regi\u00f3n Valles Centrales, caso que se indaga.<\/p>\n\n\n\n<p>De acuerdo con el periodista Tom\u00e1s Mart\u00ednez, se trata de un contador y due\u00f1o de un gimnasio en la ciudad de Oaxaca, identificado como \u00c1ngel C. S., quien habr\u00eda sido secuestrado en la capital y despu\u00e9s ejecutado.<\/p>\n\n\n\n<p>El cuerpo se hall\u00f3 el pasado jueves maniatado y envuelto en una s\u00e1bana, en prolongaci\u00f3n de Macedonio Alcal\u00e1, cerca de las instalaciones del hospital de la zona.<\/p>\n","protected":false},"excerpt":{"rendered":"<p>Raymundo Morales\/Zona Roja. Oaxaca, Oax., a 7 de septiembre de 2025.- La Fiscal\u00eda General del&hellip;<\/p>\n","protected":false},"author":2,"featured_media":74062,"comment_status":"closed","ping_status":"open","sticky":false,"template":"","format":"standard","meta":{"_lmt_disableupdate":"","_lmt_disable":"","_jetpack_memberships_contains_paid_content":false,"footnotes":""},"categories":[109,51],"tags":[645],"class_list":["post-84361","post","type-post","status-publish","format-standard","has-post-thumbnail","hentry","category-minuto-a-minuto","category-zona-roja","tag-santa-maria-tonameca"],"jetpack_featured_media_url":"https:\/\/zonaroja.com.mx\/wp-content\/uploads\/2024\/11\/Escena-del-crimen-1.jpg","jetpack_sharing_enabled":true,"_links":{"self":[{"href":"https:\/\/zonaroja.com.mx\/index.php?rest_route=\/wp\/v2\/posts\/84361","targetHints":{"allow":["GET"]}}],"collection":[{"href":"https:\/\/zonaroja.com.mx\/index.php?rest_route=\/wp\/v2\/posts"}],"about":[{"href":"https:\/\/zonaroja.com.mx\/index.php?rest_route=\/wp\/v2\/types\/post"}],"author":[{"embeddable":true,"href":"https:\/\/zonaroja.com.mx\/index.php?rest_route=\/wp\/v2\/users\/2"}],"replies":[{"embeddable":true,"href":"https:\/\/zonaroja.com.mx\/index.php?rest_route=%2Fwp%2Fv2%2Fcomments&post=84361"}],"version-history":[{"count":1,"href":"https:\/\/zonaroja.com.mx\/index.php?rest_route=\/wp\/v2\/posts\/84361\/revisions"}],"predecessor-version":[{"id":84362,"href":"https:\/\/zonaroja.com.mx\/index.php?rest_route=\/wp\/v2\/posts\/84361\/revisions\/84362"}],"wp:featuredmedia":[{"embeddable":true,"href":"https:\/\/zonaroja.com.mx\/index.php?rest_route=\/wp\/v2\/media\/74062"}],"wp:attachment":[{"href":"https:\/\/zonaroja.com.mx\/index.php?rest_route=%2Fwp%2Fv2%2Fmedia&parent=84361"}],"wp:term":[{"taxonomy":"category","embeddable":true,"href":"https:\/\/zonaroja.com.mx\/index.php?rest_route=%2Fwp%2Fv2%2Fcategories&post=84361"},{"taxonomy":"post_tag","embeddable":true,"href":"https:\/\/zonaroja.com.mx\/index.php?rest_route=%2Fwp%2Fv2%2Ftags&post=84361"}],"curies":[{"name":"wp","href":"https:\/\/api.w.org\/{rel}","templated":true}]}}