{"id":84366,"date":"2025-09-07T10:45:00","date_gmt":"2025-09-07T16:45:00","guid":{"rendered":"https:\/\/zonaroja.com.mx\/?p=84366"},"modified":"2025-09-07T07:20:52","modified_gmt":"2025-09-07T13:20:52","slug":"reconoce-santa-lucia-del-camino-esfuerzos-para-fortalecer-la-seguridad","status":"publish","type":"post","link":"https:\/\/zonaroja.com.mx\/?p=84366","title":{"rendered":"Reconoce Santa Luc\u00eda del Camino esfuerzos para fortalecer la seguridad"},"content":{"rendered":"\n<p>Raymundo Morales\/Zona Roja.<\/p>\n\n\n\n<p>Oaxaca, Oax., a 7 de septiembre de 2025.- Al recibir en Santa Luc\u00eda del Camino el programa \u201cFiscal\u00eda en tu comunidad llega a tu colonia\u201d, el presidente municipal Juan Carlos Garc\u00eda M\u00e1rquez destac\u00f3 los esfuerzos coordinados de los tres niveles de gobierno para lograr una mayor seguridad.<\/p>\n\n\n\n<p>\u201cPor supuesto que la Fiscal\u00eda General del Estado ha jugado un papel fundamental en este proyecto; sabemos bien que nuestro estado est\u00e1 en los primeros cinco lugares en materia de seguridad y es resultado del trabajo\u201d, dijo.<\/p>\n\n\n\n<p>Reconoci\u00f3 el apoyo del fiscal Bernardo Rodr\u00edguez Alamilla y sostuvo que desde el inicio de su mandato y en este segundo lapso, se ha dado una alta prioridad a proporcionar garant\u00edas de tranquilidad a la poblaci\u00f3n.<\/p>\n\n\n\n<p>Entre muchas acciones, se han colocado arcos de seguridad, donde Santa Luc\u00eda del Camino fue pionero; se ha capacitado a la polic\u00eda, se han ubicado m\u00f3dulos itinerantes de vigilancia, entre otros.<\/p>\n\n\n\n<p>\u201cLa propuesta del fiscal va un poco m\u00e1s all\u00e1: se trata de acercar los servicios a los ciudadanos y que tengan mayor facilidad para enfrentar cualquier situaci\u00f3n. Vamos a seguir trabajando de manera coordinada estado y municipios para seguir avanzando en materia de seguridad\u201d, sostuvo.<\/p>\n\n\n\n<p>Destac\u00f3 que el municipio tiene los polic\u00edas mejor pagados y puso como ejemplo que quienes cuentan con su certificaci\u00f3n, tienen un sueldo de 14 mil pesos mensuales; en breve, se dar\u00e1n de alta otros 19 uniformados certificados.<\/p>\n\n\n\n<p>Garc\u00eda M\u00e1rquez resalt\u00f3 el esfuerzo de los tres niveles de gobierno para fortalecer la seguridad:<\/p>\n\n\n\n<p>\u201cNo s\u00f3lo trabajar en los n\u00fameros es indispensable; es importante el trabajo de cercan\u00eda con las y los vecinos, un trabajo de proximidad, una labor social que realizan diferentes secretar\u00edas, a quienes agradezco su respaldo\u201d, dijo, al reconocer la gesti\u00f3n del mandatario Salom\u00f3n Jara Cruz.<\/p>\n\n\n\n<p>El RECONOCIMIENTO<\/p>\n\n\n\n<p>\u201cSanta Luc\u00eda es por mucho referente en el estado, porque ha atendido de manera integral la seguridad pero tambi\u00e9n atiende las causas; un reconocimiento al presidente, porque han puesto la bandera alta a nivel estatal\u201d, dijo a su vez Rodr\u00edguez Alamilla.<\/p>\n\n\n\n<p>En su mensaje, el titular de la Fiscal\u00eda General sostuvo que este programa interinstitucional de proximidad social permite conocer y atender las necesidades de la poblaci\u00f3n en materia de procuraci\u00f3n de justicia y seguridad p\u00fablica, por ello, se abrir\u00e1 una oficina del Ministerio P\u00fablico en la zona, para atender con mayor celeridad a las v\u00edctimas.<\/p>\n\n\n\n<p>Explic\u00f3 que&nbsp; este programa \u201ces una acci\u00f3n de proximidad social, que busca acercar los servicios y dar respuesta inmediata a la ciudadan\u00eda. Por ello, desarrollamos una estrategia interinstitucional para atender espec\u00edficamente la zona entre San Antonio de la Cal y El Rosario, que es un punto cr\u00edtico, as\u00ed damos respuesta a la preocupaci\u00f3n de la ciudadan\u00eda\u201d.<\/p>\n\n\n\n<p>Explic\u00f3 que una de las prioridades de este programa es agilizar los procesos de atenci\u00f3n, por medio de canales directos de comunicaci\u00f3n entre la poblaci\u00f3n y la instituci\u00f3n, para lo cual durante estas jornadas participa personal de las distintas \u00e1reas de la FGEO, para la atenci\u00f3n ciudadana inmediata.<\/p>\n\n\n\n<p>El programa de proximidad social \u201cFiscal\u00eda en tu comunidad llega a tu colonia\u201d,\u00a0 acerca los servicios de la instituci\u00f3n a la poblaci\u00f3n, ya que es posible realizar denuncias, se brinda asesor\u00eda, levantamos actas de extrav\u00edo, circunstanciadas, adem\u00e1s se llevan a cabo canalizaciones internas a otras \u00e1reas de la FGEO y externas a otras instancias, en casos necesarios.<\/p>\n\n\n\n<figure class=\"wp-block-embed is-type-rich is-provider-twitter wp-block-embed-twitter\"><div class=\"wp-block-embed__wrapper\">\n<div class=\"twitter-tweet\"><blockquote class=\"twitter-tweet\" data-lang=\"es\"><p lang=\"es\" dir=\"ltr\">2. En su mensaje, <a href=\"https:\/\/twitter.com\/FiscalOaxaca?ref_src=twsrc%5Etfw\">@FiscalOaxaca<\/a> reiter\u00f3 el compromiso de la <a href=\"https:\/\/twitter.com\/FISCALIA_GobOax?ref_src=twsrc%5Etfw\">@FISCALIA_GobOax<\/a> por respaldar a los municipios para mejorar las acciones de procuraci\u00f3n de justicia. <br>Reconoci\u00f3 asimismo la labor del ayuntamiento y del edil <a href=\"https:\/\/twitter.com\/JC_GMarquez?ref_src=twsrc%5Etfw\">@JC_GMarquez<\/a> para garantizar la seguridad de la poblaci\u00f3n. <a href=\"https:\/\/t.co\/rzrp2P2E0p\">pic.twitter.com\/rzrp2P2E0p<\/a><\/p>&mdash; Zona Roja Oaxaca (@ZonaRoja_Oaxaca) <a href=\"https:\/\/twitter.com\/ZonaRoja_Oaxaca\/status\/1964385234448732303?ref_src=twsrc%5Etfw\">6 de septiembre de 2025<\/a><\/blockquote><\/div>\n<\/div><\/figure>\n","protected":false},"excerpt":{"rendered":"<p>Raymundo Morales\/Zona Roja. Oaxaca, Oax., a 7 de septiembre de 2025.- Al recibir en Santa&hellip;<\/p>\n","protected":false},"author":2,"featured_media":84367,"comment_status":"closed","ping_status":"open","sticky":false,"template":"","format":"standard","meta":{"_lmt_disableupdate":"","_lmt_disable":"","_jetpack_memberships_contains_paid_content":false,"footnotes":""},"categories":[109,46],"tags":[1262,494,2533],"class_list":["post-84366","post","type-post","status-publish","format-standard","has-post-thumbnail","hentry","category-minuto-a-minuto","category-zona-blanca","tag-bernardo-rodriguez-alamilla","tag-fiscalia-general-del-estado-de-oaxaca","tag-juan-carlos-garcia-marquez"],"jetpack_featured_media_url":"https:\/\/zonaroja.com.mx\/wp-content\/uploads\/2025\/09\/Fiscalia-en-tu-comunidad-Santa-Lucia-del-Camino.jpeg","jetpack_sharing_enabled":true,"_links":{"self":[{"href":"https:\/\/zonaroja.com.mx\/index.php?rest_route=\/wp\/v2\/posts\/84366","targetHints":{"allow":["GET"]}}],"collection":[{"href":"https:\/\/zonaroja.com.mx\/index.php?rest_route=\/wp\/v2\/posts"}],"about":[{"href":"https:\/\/zonaroja.com.mx\/index.php?rest_route=\/wp\/v2\/types\/post"}],"author":[{"embeddable":true,"href":"https:\/\/zonaroja.com.mx\/index.php?rest_route=\/wp\/v2\/users\/2"}],"replies":[{"embeddable":true,"href":"https:\/\/zonaroja.com.mx\/index.php?rest_route=%2Fwp%2Fv2%2Fcomments&post=84366"}],"version-history":[{"count":1,"href":"https:\/\/zonaroja.com.mx\/index.php?rest_route=\/wp\/v2\/posts\/84366\/revisions"}],"predecessor-version":[{"id":84368,"href":"https:\/\/zonaroja.com.mx\/index.php?rest_route=\/wp\/v2\/posts\/84366\/revisions\/84368"}],"wp:featuredmedia":[{"embeddable":true,"href":"https:\/\/zonaroja.com.mx\/index.php?rest_route=\/wp\/v2\/media\/84367"}],"wp:attachment":[{"href":"https:\/\/zonaroja.com.mx\/index.php?rest_route=%2Fwp%2Fv2%2Fmedia&parent=84366"}],"wp:term":[{"taxonomy":"category","embeddable":true,"href":"https:\/\/zonaroja.com.mx\/index.php?rest_route=%2Fwp%2Fv2%2Fcategories&post=84366"},{"taxonomy":"post_tag","embeddable":true,"href":"https:\/\/zonaroja.com.mx\/index.php?rest_route=%2Fwp%2Fv2%2Ftags&post=84366"}],"curies":[{"name":"wp","href":"https:\/\/api.w.org\/{rel}","templated":true}]}}