{"id":84369,"date":"2025-09-07T11:45:00","date_gmt":"2025-09-07T17:45:00","guid":{"rendered":"https:\/\/zonaroja.com.mx\/?p=84369"},"modified":"2025-09-07T07:24:13","modified_gmt":"2025-09-07T13:24:13","slug":"muere-menor-de-edad-tras-recibir-un-balazo-en-una-panaderia-en-durango","status":"publish","type":"post","link":"https:\/\/zonaroja.com.mx\/?p=84369","title":{"rendered":"Muere menor de edad tras recibir un balazo en una panader\u00eda en Durango"},"content":{"rendered":"\n<p>Redacci\u00f3n\/Zona Roja Cdmx.<\/p>\n\n\n\n<p>Ciudad de M\u00e9xico., a 7 de septiembre de 2025.- La tarde de este s\u00e1bado 6 de septiembre, un episodio de violencia sacudi\u00f3 el centro de G\u00f3mez Palacio, Durango, cuando un adolescente de 14 a\u00f1os, identificado como Jos\u00e9 Sebasti\u00e1n y conocido como \u201cChechito\u201d, falleci\u00f3 tras recibir un disparo en el pecho dentro de la panader\u00eda \u201cDurango\u201d.<\/p>\n\n\n\n<p>El incidente, que tambi\u00e9n dej\u00f3 a un hombre de 30 a\u00f1os herido, ha movilizado a las autoridades locales, quienes ya han identificado al presunto responsable y mantienen abiertas las investigaciones.<\/p>\n\n\n\n<p>De acuerdo con la Fiscal\u00eda General del Estado de Durango, los hechos se desarrollaron alrededor de las 12:20 horas en un establecimiento ubicado sobre la calle 5 de Febrero, entre las avenidas Aldama y Bravo, en el barrio \u201cEl Ranchito\u201d. Jos\u00e9 Sebasti\u00e1n resid\u00eda en la calle Bravo, en la misma colonia donde ocurri\u00f3 el suceso.<\/p>\n\n\n\n<p>Seg\u00fan los testimonios recabados, el menor ingres\u00f3 a la panader\u00eda y ofreci\u00f3 realizar un mandado a los presentes a cambio de unas monedas, entre quienes se encontraban Isaac Ramos, de 39 a\u00f1os, Dante \u201cN\u201d y Uriel \u201cN\u201d.<\/p>\n\n\n\n<p>Las declaraciones de los involucrados y testigos citadas por las autoridades se\u00f1alan que, tras la negativa de Dante a la propuesta del menor, este \u00faltimo inst\u00f3 a Isaac y Uriel a sujetar a Jos\u00e9 . En ese momento, Dante tom\u00f3 un rev\u00f3lver calibre .38, que se encontraba en el local como supuesta medida de seguridad contra asaltos, y lo prepar\u00f3 para disparar.<\/p>\n\n\n\n<p>Isaac sujet\u00f3 al adolescente por la espalda, lo que permiti\u00f3 que Dante colocara el arma en el pecho de la v\u00edctima y accionara el gatillo en varias ocasiones. Solo uno de los disparos se deton\u00f3, impactando a Jos\u00e9 Sebasti\u00e1n en el t\u00f3rax.<\/p>\n\n\n\n<p>El proyectil atraves\u00f3 el cuerpo del menor y se aloj\u00f3 en el abdomen de Isaac, quien result\u00f3 herido. Tras el disparo, Dante huy\u00f3 del lugar a bordo de una camioneta, mientras que Uriel \u201cN\u201d traslad\u00f3 a Jos\u00e9 Sebasti\u00e1n a la Cruz Roja local. Los m\u00e9dicos confirmaron que el adolescente lleg\u00f3 sin signos vitales.<\/p>\n\n\n\n<p>Por su parte, Isaac Ramos fue llevado por familiares a un hospital privado, donde ingres\u00f3 al \u00e1rea de urgencias y fue sometido a cirug\u00eda.<\/p>\n\n\n\n<p>En el lugar de los hechos, los agentes investigadores localizaron un rev\u00f3lver y un casquillo percutido, elementos que fueron asegurados como evidencia. La Vicefiscal\u00eda General del Estado de Durango, Regi\u00f3n Laguna, abri\u00f3 un expediente y comenz\u00f3 las primeras indagatorias. El cuerpo de Jos\u00e9 Sebasti\u00e1n fue trasladado al Servicio M\u00e9dico Forense para la necropsia de ley.<\/p>\n\n\n\n<p>Asimismo, las autoridades ministeriales informaron que Isaac Ramos qued\u00f3 bajo custodia de la Polic\u00eda Investigadora de Delitos (PID), ya que ser\u00e1 investigado por su probable participaci\u00f3n en el homicidio. Mientras tanto, el presunto responsable, Dante \u201cN\u201d, permanece pr\u00f3fugo, aunque su identidad ha sido plenamente establecida y es buscado activamente por las fuerzas de seguridad.<\/p>\n\n\n\n<p>Entre los datos recabados, se destaca que el disparo que termin\u00f3 con la vida de Jos\u00e9 Sebasti\u00e1n ingres\u00f3 por el pecho y sali\u00f3 por la espalda, lesionando posteriormente a Isaac Ramos. Uriel \u201cN\u201d fue quien traslad\u00f3 al menor a la Cruz Roja, donde los m\u00e9dicos solo pudieron constatar su fallecimiento. La panader\u00eda \u201cDurango\u201d, escenario del crimen, se encuentra bajo resguardo mientras contin\u00faan las investigaciones.<\/p>\n\n\n\n<p>(Informaci\u00f3n de Infobae M\u00e9xico)<\/p>\n","protected":false},"excerpt":{"rendered":"<p>Redacci\u00f3n\/Zona Roja Cdmx. Ciudad de M\u00e9xico., a 7 de septiembre de 2025.- La tarde de&hellip;<\/p>\n","protected":false},"author":2,"featured_media":83059,"comment_status":"closed","ping_status":"open","sticky":false,"template":"","format":"standard","meta":{"_lmt_disableupdate":"","_lmt_disable":"","_jetpack_memberships_contains_paid_content":false,"footnotes":""},"categories":[109,51],"tags":[],"class_list":["post-84369","post","type-post","status-publish","format-standard","has-post-thumbnail","hentry","category-minuto-a-minuto","category-zona-roja"],"jetpack_featured_media_url":"https:\/\/zonaroja.com.mx\/wp-content\/uploads\/2025\/08\/Patrulla-escena-inseguridad-violencia.jpeg","jetpack_sharing_enabled":true,"_links":{"self":[{"href":"https:\/\/zonaroja.com.mx\/index.php?rest_route=\/wp\/v2\/posts\/84369","targetHints":{"allow":["GET"]}}],"collection":[{"href":"https:\/\/zonaroja.com.mx\/index.php?rest_route=\/wp\/v2\/posts"}],"about":[{"href":"https:\/\/zonaroja.com.mx\/index.php?rest_route=\/wp\/v2\/types\/post"}],"author":[{"embeddable":true,"href":"https:\/\/zonaroja.com.mx\/index.php?rest_route=\/wp\/v2\/users\/2"}],"replies":[{"embeddable":true,"href":"https:\/\/zonaroja.com.mx\/index.php?rest_route=%2Fwp%2Fv2%2Fcomments&post=84369"}],"version-history":[{"count":1,"href":"https:\/\/zonaroja.com.mx\/index.php?rest_route=\/wp\/v2\/posts\/84369\/revisions"}],"predecessor-version":[{"id":84370,"href":"https:\/\/zonaroja.com.mx\/index.php?rest_route=\/wp\/v2\/posts\/84369\/revisions\/84370"}],"wp:featuredmedia":[{"embeddable":true,"href":"https:\/\/zonaroja.com.mx\/index.php?rest_route=\/wp\/v2\/media\/83059"}],"wp:attachment":[{"href":"https:\/\/zonaroja.com.mx\/index.php?rest_route=%2Fwp%2Fv2%2Fmedia&parent=84369"}],"wp:term":[{"taxonomy":"category","embeddable":true,"href":"https:\/\/zonaroja.com.mx\/index.php?rest_route=%2Fwp%2Fv2%2Fcategories&post=84369"},{"taxonomy":"post_tag","embeddable":true,"href":"https:\/\/zonaroja.com.mx\/index.php?rest_route=%2Fwp%2Fv2%2Ftags&post=84369"}],"curies":[{"name":"wp","href":"https:\/\/api.w.org\/{rel}","templated":true}]}}