{"id":84373,"date":"2025-09-07T13:28:00","date_gmt":"2025-09-07T19:28:00","guid":{"rendered":"https:\/\/zonaroja.com.mx\/?p=84373"},"modified":"2025-09-07T07:29:16","modified_gmt":"2025-09-07T13:29:16","slug":"en-cateo-detienen-en-huautla-a-dos-presuntos-narcomenudistas","status":"publish","type":"post","link":"https:\/\/zonaroja.com.mx\/?p=84373","title":{"rendered":"En cateo, detienen en Huautla a dos presuntos narcomenudistas"},"content":{"rendered":"\n<p>Redacci\u00f3n\/Zona Roja.&nbsp;<\/p>\n\n\n\n<p>Oaxaca, Oax., a 7 de septiembre de 2025.- La Fiscal\u00eda General del Estado de Oaxaca (FGEO), en colaboraci\u00f3n interinstitucional, dio cumplimiento a una orden de cateo que se realiz\u00f3 de manera coordinada en la regi\u00f3n de la Sierra de Flores Mag\u00f3n, logrando la detenci\u00f3n de dos personas, as\u00ed como el aseguramiento de diversas dosis de drogas y objetos constitutivos del delito.<\/p>\n\n\n\n<p>El mandato judicial, se realiz\u00f3 en un domicilio ubicado en inmediaciones del municipio de Huautla de Jim\u00e9nez, donde se aseguraron diversas dosis de droga de cristal y marihuana, as\u00ed como un arma de fuego, b\u00e1sculas grameras y pipas.<\/p>\n\n\n\n<p>En el lugar, tambi\u00e9n se logr\u00f3 la detenci\u00f3n de dos personas, una mujer identificada como S.L.O.F. y un hombre identificado como J.A.A.P., quienes fueron puestos a disposici\u00f3n de la autoridad correspondiente.<\/p>\n\n\n\n<p>Este despliegue estrat\u00e9gico de seguridad, se realiz\u00f3 en estrecha coordinaci\u00f3n entre elementos de la Agencia Estatal de Investigaciones (AEI), Vicefiscal\u00eda General de Control Regional, Secretar\u00eda de la Defensa Nacional (DEFENSA) y Polic\u00eda Estatal.<\/p>\n\n\n\n<p>VIOLADOR DETENIDO<\/p>\n\n\n\n<p>En otro caso, la Fiscal\u00eda General ejecut\u00f3 una orden de aprehensi\u00f3n que permiti\u00f3 la detenci\u00f3n de una persona del sexo masculino identificada como M.A.M.R., por el delito de Violaci\u00f3n Equiparada Agravada cometida en la regi\u00f3n del Istmo.<\/p>\n\n\n\n<p>La detenci\u00f3n de M.A.M.R., se efectu\u00f3 en la calle Jos\u00e9 Vasconcelos esquina con Francisco I Madero en Salinas Cruz, gracias a los trabajos realizados por la Vicefiscal\u00eda Regional del Istmo, as\u00ed como elementos de la Agencia Estatal de Investigaciones (AEI).<\/p>\n\n\n\n<p>El mandato judicial, deriva de conductas constitutivas del delito de Violaci\u00f3n Equiparada Agravada en contra de una menor de edad, agresi\u00f3n ocurrida el 06 de marzo de 2023.<\/p>\n\n\n\n<p>Una vez detenido, M.A.M.R. fue presentado ante la autoridad ministerial para su certificaci\u00f3n m\u00e9dica y proceso legal correspondiente.<\/p>\n","protected":false},"excerpt":{"rendered":"<p>Redacci\u00f3n\/Zona Roja.&nbsp; Oaxaca, Oax., a 7 de septiembre de 2025.- La Fiscal\u00eda General del Estado&hellip;<\/p>\n","protected":false},"author":2,"featured_media":84356,"comment_status":"closed","ping_status":"open","sticky":false,"template":"","format":"standard","meta":{"_lmt_disableupdate":"","_lmt_disable":"","_jetpack_memberships_contains_paid_content":false,"footnotes":""},"categories":[109,46],"tags":[494],"class_list":["post-84373","post","type-post","status-publish","format-standard","has-post-thumbnail","hentry","category-minuto-a-minuto","category-zona-blanca","tag-fiscalia-general-del-estado-de-oaxaca"],"jetpack_featured_media_url":"https:\/\/zonaroja.com.mx\/wp-content\/uploads\/2025\/09\/Detenidos-cateo-Huautla-Fiscalia.jpg","jetpack_sharing_enabled":true,"_links":{"self":[{"href":"https:\/\/zonaroja.com.mx\/index.php?rest_route=\/wp\/v2\/posts\/84373","targetHints":{"allow":["GET"]}}],"collection":[{"href":"https:\/\/zonaroja.com.mx\/index.php?rest_route=\/wp\/v2\/posts"}],"about":[{"href":"https:\/\/zonaroja.com.mx\/index.php?rest_route=\/wp\/v2\/types\/post"}],"author":[{"embeddable":true,"href":"https:\/\/zonaroja.com.mx\/index.php?rest_route=\/wp\/v2\/users\/2"}],"replies":[{"embeddable":true,"href":"https:\/\/zonaroja.com.mx\/index.php?rest_route=%2Fwp%2Fv2%2Fcomments&post=84373"}],"version-history":[{"count":1,"href":"https:\/\/zonaroja.com.mx\/index.php?rest_route=\/wp\/v2\/posts\/84373\/revisions"}],"predecessor-version":[{"id":84374,"href":"https:\/\/zonaroja.com.mx\/index.php?rest_route=\/wp\/v2\/posts\/84373\/revisions\/84374"}],"wp:featuredmedia":[{"embeddable":true,"href":"https:\/\/zonaroja.com.mx\/index.php?rest_route=\/wp\/v2\/media\/84356"}],"wp:attachment":[{"href":"https:\/\/zonaroja.com.mx\/index.php?rest_route=%2Fwp%2Fv2%2Fmedia&parent=84373"}],"wp:term":[{"taxonomy":"category","embeddable":true,"href":"https:\/\/zonaroja.com.mx\/index.php?rest_route=%2Fwp%2Fv2%2Fcategories&post=84373"},{"taxonomy":"post_tag","embeddable":true,"href":"https:\/\/zonaroja.com.mx\/index.php?rest_route=%2Fwp%2Fv2%2Ftags&post=84373"}],"curies":[{"name":"wp","href":"https:\/\/api.w.org\/{rel}","templated":true}]}}