{"id":84375,"date":"2025-09-07T15:15:38","date_gmt":"2025-09-07T21:15:38","guid":{"rendered":"https:\/\/zonaroja.com.mx\/?p=84375"},"modified":"2025-09-07T16:30:47","modified_gmt":"2025-09-07T22:30:47","slug":"tres-ejecutados-entre-ellos-un-adolescente-este-domingo-en-juchitan","status":"publish","type":"post","link":"https:\/\/zonaroja.com.mx\/?p=84375","title":{"rendered":"Tres ejecutados, entre ellos un adolescente, este domingo en Juchit\u00e1n&nbsp;"},"content":{"rendered":"\n<p>Raymundo Morales\/Zona Roja.&nbsp;<\/p>\n\n\n\n<p>Oaxaca, Oax., a 7 de septiembre de 2025.- Tres personas, entre ellas un adolescente, fueron ejecutadas este domingo en Juchit\u00e1n de Zaragoza, en dos hechos distintos.<\/p>\n\n\n\n<p>Los homicidios ocurrieron a casi una semana de una tregua entre los grupos criminales, en cuyo lapso no se registraron hechos de violencia criminal.&nbsp;<\/p>\n\n\n\n<p>En la calle 5 de Mayo del centro de Juchit\u00e1n, junto a un bar denominado \u201cSanto Pecado\u201d, en la madrugada fue ejecutado un menor de 16 a\u00f1os de edad.&nbsp;<\/p>\n\n\n\n<p>La v\u00edctima recibi\u00f3 varios impactos de arma de fuego por parte de sujetos desconocidos, que lograron huir ante la ausencia de la polic\u00eda municipal.&nbsp;<\/p>\n\n\n\n<p>Hasta el momento ha sido identificado de manera preliminar como \u00c1ngel Gabriel \u201cN\u201d y los familiares se llevaron el cuerpo por sus propios medios.&nbsp;<\/p>\n\n\n\n<p>Por otra parte, poco despu\u00e9s del mediod\u00eda fueron hallados dos cuerpos sin vida, con huellas de tortura y disparos de arma de fuego.&nbsp;<\/p>\n\n\n\n<p>Tras un reporte telef\u00f3nico, las corporaciones policiacas arribaron a un paraje conocido como Casablanca, a un costado de la carretera federal tramo Juchit\u00e1n-Tehuantepec.&nbsp;<\/p>\n\n\n\n<p>Una de las v\u00edctimas fue identificada como Tom\u00e1s Q. L., de quien se report\u00f3 su desaparici\u00f3n desde ayer por la tarde; la otra persona a\u00fan no ha sido identificada.&nbsp;<\/p>\n\n\n\n<p>Personal pericial y de investigaci\u00f3n de la Vicefiscal\u00eda Regional del Istmo, de la Fiscal\u00eda General del Estado de Oaxaca, contin\u00faa las indagatorias de ambos casos.&nbsp;<\/p>\n","protected":false},"excerpt":{"rendered":"<p>Raymundo Morales\/Zona Roja.&nbsp; Oaxaca, Oax., a 7 de septiembre de 2025.- Tres personas, entre ellas&hellip;<\/p>\n","protected":false},"author":2,"featured_media":84031,"comment_status":"closed","ping_status":"open","sticky":false,"template":"","format":"standard","meta":{"_lmt_disableupdate":"","_lmt_disable":"","_jetpack_memberships_contains_paid_content":false,"footnotes":""},"categories":[109,51],"tags":[297,1150],"class_list":["post-84375","post","type-post","status-publish","format-standard","has-post-thumbnail","hentry","category-minuto-a-minuto","category-zona-roja","tag-ejecutado-juchitan","tag-triple-homicidio-juchitan"],"jetpack_featured_media_url":"https:\/\/zonaroja.com.mx\/wp-content\/uploads\/2025\/08\/Juchitan-de-Zaragoza.jpg","jetpack_sharing_enabled":true,"_links":{"self":[{"href":"https:\/\/zonaroja.com.mx\/index.php?rest_route=\/wp\/v2\/posts\/84375","targetHints":{"allow":["GET"]}}],"collection":[{"href":"https:\/\/zonaroja.com.mx\/index.php?rest_route=\/wp\/v2\/posts"}],"about":[{"href":"https:\/\/zonaroja.com.mx\/index.php?rest_route=\/wp\/v2\/types\/post"}],"author":[{"embeddable":true,"href":"https:\/\/zonaroja.com.mx\/index.php?rest_route=\/wp\/v2\/users\/2"}],"replies":[{"embeddable":true,"href":"https:\/\/zonaroja.com.mx\/index.php?rest_route=%2Fwp%2Fv2%2Fcomments&post=84375"}],"version-history":[{"count":2,"href":"https:\/\/zonaroja.com.mx\/index.php?rest_route=\/wp\/v2\/posts\/84375\/revisions"}],"predecessor-version":[{"id":84377,"href":"https:\/\/zonaroja.com.mx\/index.php?rest_route=\/wp\/v2\/posts\/84375\/revisions\/84377"}],"wp:featuredmedia":[{"embeddable":true,"href":"https:\/\/zonaroja.com.mx\/index.php?rest_route=\/wp\/v2\/media\/84031"}],"wp:attachment":[{"href":"https:\/\/zonaroja.com.mx\/index.php?rest_route=%2Fwp%2Fv2%2Fmedia&parent=84375"}],"wp:term":[{"taxonomy":"category","embeddable":true,"href":"https:\/\/zonaroja.com.mx\/index.php?rest_route=%2Fwp%2Fv2%2Fcategories&post=84375"},{"taxonomy":"post_tag","embeddable":true,"href":"https:\/\/zonaroja.com.mx\/index.php?rest_route=%2Fwp%2Fv2%2Ftags&post=84375"}],"curies":[{"name":"wp","href":"https:\/\/api.w.org\/{rel}","templated":true}]}}