{"id":84378,"date":"2025-09-07T19:28:17","date_gmt":"2025-09-08T01:28:17","guid":{"rendered":"https:\/\/zonaroja.com.mx\/?p=84378"},"modified":"2025-09-07T19:28:19","modified_gmt":"2025-09-08T01:28:19","slug":"disfrutan-miles-de-personas-de-la-guelaguetza-de-la-sierra-sur","status":"publish","type":"post","link":"https:\/\/zonaroja.com.mx\/?p=84378","title":{"rendered":"Disfrutan miles de personas de la Guelaguetza de la Sierra Sur"},"content":{"rendered":"\n<p>Redacci\u00f3n\/Zona Roja.&nbsp;<\/p>\n\n\n\n<p>Oaxaca, Oax., a 7 de septiembre de 2025.- La Guelaguetza \u201cN\u00ed Wan Do\u2019o\u201d se vivi\u00f3 en todo su esplendor en San Jos\u00e9 del Pac\u00edfico, municipio de San Mateo R\u00edo Hondo, donde pueblos de la Sierra Sur compartieron m\u00fasica, danza, cultura e historia; que fortalece la identidad de los pueblos de la regi\u00f3n, genera afluencia de visitantes y derrama econ\u00f3mica en beneficio de familias, personas prestadoras de servicios, as\u00ed como artesanas y artesanos.<\/p>\n\n\n\n<p>El desfile de delegaciones fue encabezado por la titular de la Secretar\u00eda de Turismo (Sectur Oaxaca) Saymi Pineda Velasco, la representante de la Diosa Cent\u00e9otl, Patricia Casiano Zaragoza y autoridades municipales, quienes recorrieron las principales calles del municipio, disfrutaron de la algarab\u00eda y apreciaron los trajes regionales de fiesta de la poblaci\u00f3n.&nbsp;<\/p>\n\n\n\n<p>Las y los habitantes, visitantes nacionales y extranjeros vivieron a plenitud esta celebraci\u00f3n llena de color, danza, tradici\u00f3n y hermandad que enaltece el esp\u00edritu comunitario de los pueblos de la Sierra Sur.<\/p>\n\n\n\n<p>En esta fiesta participaron ocho delegaciones: Villa Sola de Vega, Putla Villa de Guerrero, San Carlos Yautepec, Miahuatl\u00e1n de Porfirio D\u00edaz, Santa Mar\u00eda Zacatepec, Santa Catarina Juquila, San Francisco Sola, San Agust\u00edn Loxicha. De manera adicional fue invitada San Pedro Pochutla.<\/p>\n","protected":false},"excerpt":{"rendered":"<p>Redacci\u00f3n\/Zona Roja.&nbsp; Oaxaca, Oax., a 7 de septiembre de 2025.- La Guelaguetza \u201cN\u00ed Wan Do\u2019o\u201d&hellip;<\/p>\n","protected":false},"author":2,"featured_media":84379,"comment_status":"closed","ping_status":"open","sticky":false,"template":"","format":"standard","meta":{"_lmt_disableupdate":"","_lmt_disable":"","_jetpack_memberships_contains_paid_content":false,"footnotes":""},"categories":[109,46],"tags":[4431,1031],"class_list":["post-84378","post","type-post","status-publish","format-standard","has-post-thumbnail","hentry","category-minuto-a-minuto","category-zona-blanca","tag-san-jose-del-pacifico","tag-secretaria-de-turismo-oaxaca"],"jetpack_featured_media_url":"https:\/\/zonaroja.com.mx\/wp-content\/uploads\/2025\/09\/Guelaguetza-Sierra-sur-San-Jose-del-pacifico.jpeg","jetpack_sharing_enabled":true,"_links":{"self":[{"href":"https:\/\/zonaroja.com.mx\/index.php?rest_route=\/wp\/v2\/posts\/84378","targetHints":{"allow":["GET"]}}],"collection":[{"href":"https:\/\/zonaroja.com.mx\/index.php?rest_route=\/wp\/v2\/posts"}],"about":[{"href":"https:\/\/zonaroja.com.mx\/index.php?rest_route=\/wp\/v2\/types\/post"}],"author":[{"embeddable":true,"href":"https:\/\/zonaroja.com.mx\/index.php?rest_route=\/wp\/v2\/users\/2"}],"replies":[{"embeddable":true,"href":"https:\/\/zonaroja.com.mx\/index.php?rest_route=%2Fwp%2Fv2%2Fcomments&post=84378"}],"version-history":[{"count":1,"href":"https:\/\/zonaroja.com.mx\/index.php?rest_route=\/wp\/v2\/posts\/84378\/revisions"}],"predecessor-version":[{"id":84380,"href":"https:\/\/zonaroja.com.mx\/index.php?rest_route=\/wp\/v2\/posts\/84378\/revisions\/84380"}],"wp:featuredmedia":[{"embeddable":true,"href":"https:\/\/zonaroja.com.mx\/index.php?rest_route=\/wp\/v2\/media\/84379"}],"wp:attachment":[{"href":"https:\/\/zonaroja.com.mx\/index.php?rest_route=%2Fwp%2Fv2%2Fmedia&parent=84378"}],"wp:term":[{"taxonomy":"category","embeddable":true,"href":"https:\/\/zonaroja.com.mx\/index.php?rest_route=%2Fwp%2Fv2%2Fcategories&post=84378"},{"taxonomy":"post_tag","embeddable":true,"href":"https:\/\/zonaroja.com.mx\/index.php?rest_route=%2Fwp%2Fv2%2Ftags&post=84378"}],"curies":[{"name":"wp","href":"https:\/\/api.w.org\/{rel}","templated":true}]}}