{"id":8438,"date":"2020-02-05T08:52:06","date_gmt":"2020-02-05T14:52:06","guid":{"rendered":"http:\/\/www.zonaroja.com.mx\/?p=8438"},"modified":"2020-02-05T16:24:00","modified_gmt":"2020-02-05T22:24:00","slug":"por-incumplimiento-ddhpo-promovio-9-recomendaciones-ante-el-tsjeo","status":"publish","type":"post","link":"https:\/\/zonaroja.com.mx\/?p=8438","title":{"rendered":"Por incumplimiento, DDHPO promovi\u00f3 9 recomendaciones ante el TSJEO"},"content":{"rendered":"\n<p>Yuridiana Sosa\/Zona Roja.<\/p>\n\n\n\n<p>Oaxaca de Ju\u00e1rez, Oax., 5 de febrero de\n2020.- En el transcurso de cinco a\u00f1os, de 2015 a 2019, la Defensor\u00eda de los\nDerechos Humanos del Pueblo de Oaxaca (DDHPO) promovi\u00f3 ante la Sala\nConstitucional del Tribunal Superior de Justicia del Estado (TSJEO) nueve\njuicios para la protecci\u00f3n de los derechos humanos de los oaxaque\u00f1os.<\/p>\n\n\n\n<p>Es la Secretar\u00eda de Seguridad P\u00fablica\nde Oaxaca la autoridad por la que se promovieron la mayor cantidad de juicios,\ncon un total de cuatro casos, seguido por la Fiscal\u00eda General del Estado, con\ntres recomendaciones que no atendieron en un primer momento.<\/p>\n\n\n\n<p>A la lista le sigue con un caso,\nrespectivamente, la Secretar\u00eda de Salud del Estado y Direcci\u00f3n General de los\nServicios de Salud de Oaxaca y el Registro Civil del Estado.<\/p>\n\n\n\n<p>PROCEDIMIENTOS<\/p>\n\n\n\n<p>La recomendaci\u00f3n 1\/2015, al Secretario\nde Seguridad P\u00fablica del Estado, se acept\u00f3, pero no se cumpli\u00f3, por lo que la\nDDHPO promovi\u00f3 el juicio para la protecci\u00f3n de los derechos humanos en\ndiciembre de ese a\u00f1o<\/p>\n\n\n\n<p>La Sala Constitucional del Tribunal\nSuperior de Justicia del Estado sobresey\u00f3 el caso, pues la recomendaci\u00f3n se\ncumpli\u00f3 mientras el juicio estaba en tr\u00e1mite.<\/p>\n\n\n\n<p>Durante el 2016, la Defensor\u00eda promovi\u00f3\ncuatro juicios por el incumplimiento de las recomendaciones 3\/2015, 2\/2014,\n13\/2015 y 1\/2016, tres de ellas contra la Secretar\u00eda de Seguridad P\u00fablica y una\ncontra la Secretar\u00eda de Salud del Estado y Direcci\u00f3n General de los Servicios\nde Salud de Oaxaca.<\/p>\n\n\n\n<p>En uno de los casos, la SSPO fue\nse\u00f1alada ante el uso excesivo de la fuerza de un elemento contra un hombre\nprivado de su libertad, caus\u00e1ndole lesiones que lo llevaron a atenci\u00f3n Hospital\nCivil \u201cDr. Aurelio Valdivieso\u201d y de forma injustificada lo traslad\u00f3 al centro\nde internamiento de Santa Catarina Juquila, Oaxaca.&nbsp; <\/p>\n\n\n\n<p>Por este caso la Sala Penal del Tribunal\nSuperior de Justicia del Estado, dict\u00f3 sentencia condenatoria y se cumpli\u00f3. Sin\nembargo, por la recomendaci\u00f3n 2\/2014 la Sala Constitucional no admiti\u00f3 la\ndemanda, porque la quejosa promovi\u00f3 recurso de impugnaci\u00f3n ante la Comisi\u00f3n\nNacional de los Derechos Humanos.<\/p>\n\n\n\n<p>Para el caso de la recomendaci\u00f3n\n13\/2015, por la queja interpuesta por las internas del Centro de Reinserci\u00f3n\nFemenil Tanivet, por diversas irregularidades cometidas en su contra, la Sala\ndict\u00f3 sentencia condenatoria, y actualmente la sentencia se encuentra en v\u00edas\nde cumplimiento.<\/p>\n\n\n\n<p>La DDHPO inform\u00f3 que Recomendaci\u00f3n\n1\/201 recibi\u00f3 sentencia condenatoria y se encuentra en v\u00edas de cumplimiento por\nparte de la Secretar\u00eda de Salud de Oaxaca, pues por una mala atenci\u00f3n m\u00e9dica\nuna mujer fue diagnosticada tard\u00edamente con c\u00e1ncer en estado avanzado.<\/p>\n\n\n\n<p>En dos de los casos contra la Fiscal\u00eda\nen las que la Sala Constitucional dict\u00f3 sentencia, esta se encuentra en v\u00edas de\ncumplimiento, y en una m\u00e1s la Sala admiti\u00f3 el recurso y sigue pendiente de\ndictar sentencia.<\/p>\n\n\n\n<p>Entre los motivos de las quejas de los\nciudadanos contra esta dependencia se encuentra la demora injustificada por los\nservidores p\u00fablicos en la debida integraci\u00f3n y determinaci\u00f3n de legajos de\ninvestigaci\u00f3n, as\u00ed como indagatorias extraviadas y pereza en la investigaci\u00f3n\nde desaparici\u00f3n de personas para dar con su paradero.<\/p>\n\n\n\n<p>La Defensor\u00eda de los Derechos Humanos\ndel Pueblo de Oaxaca reiter\u00f3 su compromiso con la sociedad para procurar el\nrespeto de sus derechos.<\/p>\n","protected":false},"excerpt":{"rendered":"<p>Yuridiana Sosa\/Zona Roja. Oaxaca de Ju\u00e1rez, Oax., 5 de febrero de 2020.- En el transcurso&hellip;<\/p>\n","protected":false},"author":2,"featured_media":8442,"comment_status":"closed","ping_status":"open","sticky":false,"template":"","format":"standard","meta":{"_lmt_disableupdate":"","_lmt_disable":"","_jetpack_memberships_contains_paid_content":false,"footnotes":""},"categories":[109,47],"tags":[286],"class_list":["post-8438","post","type-post","status-publish","format-standard","has-post-thumbnail","hentry","category-minuto-a-minuto","category-zona-gris","tag-defensoria-de-los-derechos-humanos-del-pueblo-de-oaxaca"],"jetpack_featured_media_url":"https:\/\/zonaroja.com.mx\/wp-content\/uploads\/2020\/02\/DDHPO-1.png","jetpack_sharing_enabled":true,"_links":{"self":[{"href":"https:\/\/zonaroja.com.mx\/index.php?rest_route=\/wp\/v2\/posts\/8438","targetHints":{"allow":["GET"]}}],"collection":[{"href":"https:\/\/zonaroja.com.mx\/index.php?rest_route=\/wp\/v2\/posts"}],"about":[{"href":"https:\/\/zonaroja.com.mx\/index.php?rest_route=\/wp\/v2\/types\/post"}],"author":[{"embeddable":true,"href":"https:\/\/zonaroja.com.mx\/index.php?rest_route=\/wp\/v2\/users\/2"}],"replies":[{"embeddable":true,"href":"https:\/\/zonaroja.com.mx\/index.php?rest_route=%2Fwp%2Fv2%2Fcomments&post=8438"}],"version-history":[{"count":1,"href":"https:\/\/zonaroja.com.mx\/index.php?rest_route=\/wp\/v2\/posts\/8438\/revisions"}],"predecessor-version":[{"id":8439,"href":"https:\/\/zonaroja.com.mx\/index.php?rest_route=\/wp\/v2\/posts\/8438\/revisions\/8439"}],"wp:featuredmedia":[{"embeddable":true,"href":"https:\/\/zonaroja.com.mx\/index.php?rest_route=\/wp\/v2\/media\/8442"}],"wp:attachment":[{"href":"https:\/\/zonaroja.com.mx\/index.php?rest_route=%2Fwp%2Fv2%2Fmedia&parent=8438"}],"wp:term":[{"taxonomy":"category","embeddable":true,"href":"https:\/\/zonaroja.com.mx\/index.php?rest_route=%2Fwp%2Fv2%2Fcategories&post=8438"},{"taxonomy":"post_tag","embeddable":true,"href":"https:\/\/zonaroja.com.mx\/index.php?rest_route=%2Fwp%2Fv2%2Ftags&post=8438"}],"curies":[{"name":"wp","href":"https:\/\/api.w.org\/{rel}","templated":true}]}}