{"id":8440,"date":"2020-02-05T13:45:13","date_gmt":"2020-02-05T19:45:13","guid":{"rendered":"https:\/\/www.zonaroja.com.mx\/?p=8440"},"modified":"2020-02-05T14:30:09","modified_gmt":"2020-02-05T20:30:09","slug":"repelio-policia-estatal-ataque-en-caso-de-lesion-a-guadalupe-diaz-pantoja","status":"publish","type":"post","link":"https:\/\/zonaroja.com.mx\/?p=8440","title":{"rendered":"Repeli\u00f3 Polic\u00eda Estatal ataque en caso de lesi\u00f3n a Guadalupe D\u00edaz Pantoja"},"content":{"rendered":"\n<p>Evlin Arag\u00f3n\/Zona Roja.<\/p>\n\n\n\n<p>Oaxaca de Ju\u00e1rez, Oax., 5 de febrero de 2020.- La agresi\u00f3n armada que sufriera la noche de&nbsp;<a href=\"\/\/0\">este martes<\/a>&nbsp;Guadalupe D\u00edaz Pantoja, respondi\u00f3 a un enfrentamiento entre personal de la Secretar\u00eda &nbsp;de Seguridad P\u00fablica de Oaxaca y personas armadas no identificadas, y no a un ataque directo en contra de la mujer.<\/p>\n\n\n\n<p>As\u00ed lo refiere en un comunicado de prensa la dependencia estatal, que informa que la noche del martes 4 de febrero del presente, personal de la Polic\u00eda Estatal recibi\u00f3 reportes \u2013sin especificar cu\u00e1ntos y de qu\u00e9 tipo- de la presencia de personas armadas en la colonia Reforma, por lo que se trasladaron a la zona.<\/p>\n\n\n\n<p>Ya en el lugar \u2013nuevamente sin dar detalles de las calles-&nbsp;elementos de seguridad se acercaron a uno de los veh\u00edculos reportados desde cuyo interior se accionaron armas de fuego, acci\u00f3n que fue repelida por personal de la SSPO, quedando los veh\u00edculos abandonados por lo que fueron puestos a disposici\u00f3n Fiscal\u00eda General del Estado de Oaxaca (FGEO), a quien adem\u00e1s aseguran se le proporcionara la informaci\u00f3n necesaria para el esclarecimiento de los hechos.<\/p>\n\n\n\n<p>El comunicado no establece qu\u00e9 paso con las personas que accionaron las armas, cu\u00e1ntas eran, que tipo de armas utilizaron, \u00fanicamente se limita a informar que ante el ataque armado los elementos policiacos respondieron para repelerlo.<\/p>\n\n\n\n<p>As\u00ed mismo refieren que desconoc\u00edan que Guadalupe D\u00edaz Pantoja se encontrara en el lugar, sin embargo fue ella la que result\u00f3 lesionada en el presunto intercambio de balas por parte de elementos de seguridad y sujetos desconocidos, por lo que personal uniformado resguarda el lugar donde est\u00e1 siendo atendida.<\/p>\n\n\n\n<p>De acuerdo con las versiones que circularon la noche de <a href=\"\/\/2\">este martes<\/a>, el veh\u00edculo en el que se trasladaba Guadalupe D\u00edaz Pantoja fue perseguido y rafagueado con armas de alto calibre, lo que le ocasion\u00f3 heridas de bala en la pierna, reportando su estado de salud estable en estos momentos.<\/p>\n\n\n\n<p>En sus propias declaraciones publicadas en el portal \u201cPrimera L\u00ednea\u201d, la dirigente sindical asegur\u00f3 que fue atacada con armas de tipo cuerno de chivo en inmediaciones de la colonia Reforma donde la unidad en la que iba recibi\u00f3 varios impactos de bala. <\/p>\n","protected":false},"excerpt":{"rendered":"<p>Evlin Arag\u00f3n\/Zona Roja. Oaxaca de Ju\u00e1rez, Oax., 5 de febrero de 2020.- La agresi\u00f3n armada&hellip;<\/p>\n","protected":false},"author":2,"featured_media":8426,"comment_status":"closed","ping_status":"open","sticky":false,"template":"","format":"standard","meta":{"_lmt_disableupdate":"","_lmt_disable":"","_jetpack_memberships_contains_paid_content":false,"footnotes":""},"categories":[1],"tags":[],"class_list":["post-8440","post","type-post","status-publish","format-standard","has-post-thumbnail","hentry","category-sin-categoria"],"jetpack_featured_media_url":"https:\/\/zonaroja.com.mx\/wp-content\/uploads\/2020\/02\/0566dd14-972d-487d-abd7-5d6f8251d5f3.jpg","jetpack_sharing_enabled":true,"_links":{"self":[{"href":"https:\/\/zonaroja.com.mx\/index.php?rest_route=\/wp\/v2\/posts\/8440","targetHints":{"allow":["GET"]}}],"collection":[{"href":"https:\/\/zonaroja.com.mx\/index.php?rest_route=\/wp\/v2\/posts"}],"about":[{"href":"https:\/\/zonaroja.com.mx\/index.php?rest_route=\/wp\/v2\/types\/post"}],"author":[{"embeddable":true,"href":"https:\/\/zonaroja.com.mx\/index.php?rest_route=\/wp\/v2\/users\/2"}],"replies":[{"embeddable":true,"href":"https:\/\/zonaroja.com.mx\/index.php?rest_route=%2Fwp%2Fv2%2Fcomments&post=8440"}],"version-history":[{"count":1,"href":"https:\/\/zonaroja.com.mx\/index.php?rest_route=\/wp\/v2\/posts\/8440\/revisions"}],"predecessor-version":[{"id":8441,"href":"https:\/\/zonaroja.com.mx\/index.php?rest_route=\/wp\/v2\/posts\/8440\/revisions\/8441"}],"wp:featuredmedia":[{"embeddable":true,"href":"https:\/\/zonaroja.com.mx\/index.php?rest_route=\/wp\/v2\/media\/8426"}],"wp:attachment":[{"href":"https:\/\/zonaroja.com.mx\/index.php?rest_route=%2Fwp%2Fv2%2Fmedia&parent=8440"}],"wp:term":[{"taxonomy":"category","embeddable":true,"href":"https:\/\/zonaroja.com.mx\/index.php?rest_route=%2Fwp%2Fv2%2Fcategories&post=8440"},{"taxonomy":"post_tag","embeddable":true,"href":"https:\/\/zonaroja.com.mx\/index.php?rest_route=%2Fwp%2Fv2%2Ftags&post=8440"}],"curies":[{"name":"wp","href":"https:\/\/api.w.org\/{rel}","templated":true}]}}