{"id":84402,"date":"2025-09-08T10:30:00","date_gmt":"2025-09-08T16:30:00","guid":{"rendered":"https:\/\/zonaroja.com.mx\/?p=84402"},"modified":"2025-09-08T10:43:00","modified_gmt":"2025-09-08T16:43:00","slug":"opinion-quien-es-el-padre-de-la-revocacion-de-mandato-va-o-no-va","status":"publish","type":"post","link":"https:\/\/zonaroja.com.mx\/?p=84402","title":{"rendered":"Opini\u00f3n. \u00bfQui\u00e9n es el padre de la revocaci\u00f3n de mandato? \u00bfY va o no va?"},"content":{"rendered":"\n<p>Ismael Garc\u00eda M.\/Zona Roja.<\/p>\n\n\n\n<p>Oaxaca, Oax., 8 de septiembre de 2025.- \u00bfVa o no va la tan tra\u00edda y llevada revocaci\u00f3n de mandato en Oaxaca? \u00bfQui\u00e9n es el autor de dicha medida aprobada por el Poder Legislativo? Porque le han surgido muchos padres a este proceso, quienes lo reclaman como suyo.<\/p>\n\n\n\n<p>Y que incluso ofrecen o prometen que a principios del pr\u00f3ximo a\u00f1o, el mandatario Salom\u00f3n Jara Cruz dejar\u00e1 el cargo, lo que ha generado m\u00faltiples confusiones e incluso debates ciudadanos.<\/p>\n\n\n\n<p>Los comentarios entre los oaxaque\u00f1os no es si se har\u00e1, sino que dan por hecho que se ir\u00e1.<\/p>\n\n\n\n<p>Por el contrario, la administraci\u00f3n gubernamental reaccion\u00f3 tarde y, pese a que esta ley fue propuesta del hoy titular del Poder Ejecutivo, aprobado desde hace m\u00e1s de dos a\u00f1os, ha tenido que ir contracorriente para recuperar la paternidad de esta iniciativa de ley hoy decreto avalado.<\/p>\n\n\n\n<p>Tan se ha incrementado la pol\u00e9mica que el propio Partido del Trabajo, en particular su due\u00f1o y eterno dirigente Benjam\u00edn Robles, se ha dado a la tarea de promover dicha norma, pero con las consideraciones a favor de su l\u00ednea pol\u00edtica y en contra de Jara Cruz.<\/p>\n\n\n\n<p>Recientemente hubo propuestas de modificaciones a dicha ley de revocaci\u00f3n de mandato, curiosamente por parte del PRI, pero ha tenido poco eco y en cambio ha sido se\u00f1alado su autor, el ex dirigente priista Javier Casique, como progobiernista.<\/p>\n\n\n\n<p>LA PATERNIDAD<\/p>\n\n\n\n<p>Fue el 21 de diciembre de 2022 en que la 65 Legislatura local aprob\u00f3, con 30 votos, modificaciones a la Constituci\u00f3n Pol\u00edtica y con ello la Ley de Revocaci\u00f3n de Mandato, iniciativa que hab\u00eda presentado el titular del Poder Ejecutivo, Salom\u00f3n Jara Cruz.<\/p>\n\n\n\n<p>Aunado a ello, avalaron reformas a la Ley de Participaci\u00f3n Ciudadana de Oaxaca con las cuales se regula el mecanismo de revocaci\u00f3n de mandato.<\/p>\n\n\n\n<p>Entre otros, la Ley de Revocaci\u00f3n establece que al menos el 40% de los oaxaque\u00f1os con credencial de elector vigentes y que est\u00e9n inscritos en la lista nominal electoral deben solicitar este procedimiento ante el IEEPCO.<\/p>\n\n\n\n<p>Asimismo, revocaci\u00f3n de mandato \u00fanicamente proceder\u00e1 a petici\u00f3n de la ciudadan\u00eda cuando lo solicite el 10% de la lista nominal de electores y que la petici\u00f3n se realice cuando menos en la mitad m\u00e1s uno de los municipios que conforman el estado.<\/p>\n\n\n\n<p>\u201c\u00bfEst\u00e1s de acuerdo en que al (nombre del gobernador o gobernadora) gobernador o la gobernadora del estado se le revoque el mandato por p\u00e9rdida de confianza o que siga en la gubernatura hasta que termine su periodo?\u201d, es la pregunta que deber\u00e1 aplicar en su momento, para el actual o los pr\u00f3ximos gobernantes.<\/p>\n\n\n\n<p>Por m\u00e1s de dos a\u00f1os, la ley ah\u00ed estuvo, a la vista de todos, sin que nadie de los pol\u00edticos de la poca oposici\u00f3n que queda, polemizara o se\u00f1alara los pros o los contras.<\/p>\n\n\n\n<p>Hay que recordar que, en el a\u00f1o 2021, el entonces Presidente Andr\u00e9s Manuel L\u00f3pez Obrador impuls\u00f3 una Ley de Revocaci\u00f3n de Mandato, que se aplic\u00f3 el 10 de diciembre de 2022 y en que m\u00e1s de 16 millones de mexicanos votaron por la continuidad de su administraci\u00f3n.<\/p>\n\n\n\n<p>LEY ADJUDICADA<\/p>\n\n\n\n<p>Fue hasta hace unos tres meses en que se reaviv\u00f3 la pol\u00e9mica, principalmente por parte del Partido del Trabajo y su dirigente Benjam\u00edn Robles, beneficiado con la lucha morenista con cargos de senador y de diputado federal, al igual que su esposa.<\/p>\n\n\n\n<p>Diversos problemas en el gobierno, entre ellos el despido de m\u00e1s de mil 300 bur\u00f3cratas, hicieron que la bandera de la revocaci\u00f3n pareciera se autor\u00eda de los cr\u00edticos del gobierno.<\/p>\n\n\n\n<p>Incluso, hasta surgi\u00f3 un \u201cComit\u00e9 Popular por la Revocaci\u00f3n de Mandato\u201d, formado por una media docena de personas, ligadas precisamente con el PT y que, con nulo \u00e9xito, ha hecho gestiones ante el Legislativo y ante el Instituto Estatal Electoral para promover dicha medida\u2026 ya establecida dos a\u00f1os atr\u00e1s.<\/p>\n\n\n\n<p>Sus integrantes son Jorge Tello L\u00f3pez, Cecilia Romualdo Mart\u00ednez, Mar\u00eda Carmona D\u00edaz, Ren\u00e9 Bautista Morales, Azalia Olaya Nava y Amira Azucena Cruz Ram\u00edrez, todos vinculados al PT.<\/p>\n\n\n\n<p>El pasado 5 de agosto, incluso, esta representaci\u00f3n acudi\u00f3 al Congreso del Estado y pretendi\u00f3 ingresar al recinto de sesiones, para manifestarse. Su lucha hasta ahora no ha tenido resultados.<\/p>\n\n\n\n<p>El \u00fanico diputado por el PRI \u2014y que ha votado a favor de las m\u00e1s importantes iniciativas morenistas\u2014, Javier Casique Z\u00e1rate, present\u00f3 a finales de julio pasado una propuesta para modificar la Ley de Revocaci\u00f3n de Mandato.<\/p>\n\n\n\n<p>Su iniciativa fue interpretada como favorable al morenismo y hasta ahora no ha tenido eco.<\/p>\n\n\n\n<p>Sus propuestas: respecto al plazo para presentar la solicitud establecido de tres meses posteriores al tercer a\u00f1o, se reduce a un mes; en cuanto al proceso de recabaci\u00f3n de firmas, podr\u00e1 realizarse durante el mes previo a la solicitud de revocaci\u00f3n de mandato; en medios de recolecci\u00f3n, adem\u00e1s de los formatos impresos se incorporan medios electr\u00f3nicos.<\/p>\n\n\n\n<p>En los plazos de verificaci\u00f3n de los nombres de quienes hayan suscrito la petici\u00f3n de revocaci\u00f3n y los porcentajes requeridos, se realizar\u00e1 en un plazo de diez d\u00edas naturales; la Emisi\u00f3n de la Convocatoria, se plantea que sea dentro de los tres d\u00edas posteriores; y respecto a la Fecha de Votaci\u00f3n, se propone que se realice el domingo siguiente a los 30 d\u00edas posteriores a la emisi\u00f3n de la convocatoria.<\/p>\n\n\n\n<p>A ello se sumaron propuestas del Partido Movimiento Ciudadano y del Partido del Trabajo, que tampoco han prosperado a la fecha.<\/p>\n\n\n\n<p>El pasado 5 de agosto, el presidente de la Junta de Coordinaci\u00f3n Pol\u00edtica del Congreso, Benjam\u00edn Viveros, sali\u00f3 al paso de estas propuestas y especulaciones:<\/p>\n\n\n\n<p>\u201cHoy, se escuchan voces de algunos actores pol\u00edticos que pretenden modificar este mecanismo para debilitarlo. Concretamente, se ha propuesto reducir el requisito de participaci\u00f3n ciudadana, pasando del 10% del padr\u00f3n electoral vigente, que establece nuestra Constituci\u00f3n local, a solamente un 3%. Quiero ser enf\u00e1tico: esa propuesta no solo es peligrosa para la estabilidad pol\u00edtica y social de Oaxaca, sino que tambi\u00e9n es inconstitucional\u201d.<\/p>\n\n\n\n<p>CRECIENTE POL\u00c9MICA&nbsp;<\/p>\n\n\n\n<p>Pero para ello, la pol\u00e9mica en torno a dicha ley, pero sobre todo a su autor\u00eda, ya hab\u00eda crecido y parec\u00eda que \u201ctodo el pueblo\u201d y toda la oposici\u00f3n hab\u00edan impulsado dicha ley y que s\u00ed debiera aplicarse.<\/p>\n\n\n\n<p>El 29 de agosto, Jara Cruz poste\u00f3 un video en que destac\u00f3 que desde su campa\u00f1a pol\u00edtica hab\u00eda promovido dicha medida que fue concretada al iniciad su administraci\u00f3n.&nbsp;<\/p>\n\n\n\n<p>Hasta entonces precis\u00f3:<\/p>\n\n\n\n<p>\u201cDesde la campa\u00f1a que me llev\u00f3 a ser el primer gobernador de nuestro estado, hice un compromiso al cumplir tres a\u00f1os de administraci\u00f3n, seguir\u00eda los pasos del Presidente Andr\u00e9s Manuel L\u00f3pez Obrador e impulsar\u00eda en una elecci\u00f3n libre, universal y directa, decida si quiere que nuestro gobierno contin\u00fae transformando Oaxaca o por el contrario se me revoque el mandato como gobernador.<\/p>\n\n\n\n<p>\u201cLo hago por convicci\u00f3n y por congruencia con nuestro movimiento de lucha y estoy convencido de que el pueblo es sabio y debe decidir su destino<\/p>\n\n\n\n<p>Nuestro movimiento es el impulsor de este ejercicio, que somos nosotros quienes promovemos el empoderamiento del pueblo; algunas voces querr\u00e1n enga\u00f1arlos diciendo que ellos son los que est\u00e1n impulsando la revocaci\u00f3n; es mentira, yo soy quien desde la campa\u00f1a promet\u00ed que impulsar\u00eda este ejercicio y estoy cumpliendo con mi palabra<\/p>\n\n\n\n<p>\u201cDurante los pr\u00f3ximos meses se abrir\u00e1 una gran conversaci\u00f3n del rumbo que tiene Oaxaca\u2026 a casi tres a\u00f1os estoy convencido que estamos sentando las bases de la transformaci\u00f3n profunda de nuestro y les prometo que vamos a seguir trabajando como nunca se hizo\u2026 bienvenido el debate y que el pueblo elija\u201d.<\/p>\n\n\n\n<p>A ello se sumaron otras voces, como Viveros Montalvo y el presidente municipal de Oaxaca de Ju\u00e1rez, Raymundo Chagoya, en que respaldan el surgimiento y aplicaci\u00f3n de la iniciativa.<\/p>\n\n\n\n<p>\u00bfSE PUEDE?<\/p>\n\n\n\n<p>En resumen, la Ley de Revocaci\u00f3n de Mandato est\u00e1 vigente desde hace m\u00e1s de dos a\u00f1os y s\u00ed se aplicar\u00e1.<\/p>\n\n\n\n<p>Evidentemente que tiene algunas dificultades, como las citadas por el periodista y soci\u00f3logo Isidoro Yescas Mart\u00ednez:<\/p>\n\n\n\n<p>Uno. Se requiere que la solicitud est\u00e9 respaldada por el 10 por ciento de la ciudadan\u00eda inscrita en la lista nominal de electores, es decir, poco m\u00e1s de 300 mil firmas, si se considera que el listado nominal del estado de Oaxaca supera los tres millones de electores.<\/p>\n\n\n\n<p>Dos. Quienes firmen la solicitud deben residir en la mitad m\u00e1s uno de los municipios de la entidad. Esto es, en por lo menos 286 de un total de 570 municipios.<\/p>\n\n\n\n<p>Tres. De acuerdo a lo establecido en el art\u00edculo 11 de la citada ley, \u00ablas ciudadanas y ciudadanos interesados en presentar la solicitud (de revocaci\u00f3n de mandato) deber\u00e1n informar su intenci\u00f3n al Instituto (EEPCO), durante el primer mes posterior a la conclusi\u00f3n del tercer a\u00f1o del per\u00edodo constitucional de la persona que ostente la titularidad del (sic) gubernatura del estado (<a href=\"https:\/\/zonaroja.com.mx\/?p=77234\">https:\/\/zonaroja.com.mx\/?p=77234<\/a>).&nbsp;<\/p>\n\n\n\n<p>Queda claro que no es una bandera o autor\u00eda de los partidos opositores y que se deber\u00e1 llevar a cabo, hasta ahora en los plazos establecidos.<\/p>\n\n\n\n<p>La pregunta es: \u00bfquerr\u00e1n realmente los oaxaque\u00f1os que se vaya Salom\u00f3n Jara Cruz? O que siga su mandato. Por lo pronto, el gobierno ha reculado en diversas medidas que han generado contrariedad y cr\u00edticas.<\/p>\n\n\n\n<p>Pero le falta a\u00fan m\u00e1s, para recuperar la confianza ciudadana que ha perdido en alg\u00fan sector. Y en ello va, por supuesto, la recomposici\u00f3n del gabinete legal y ampliado, pues muchos funcionarios s\u00f3lo siguen viendo su proyecto personal, lo que sigue generando conflictos innecesarios e ingobernabilidad.<\/p>\n","protected":false},"excerpt":{"rendered":"<p>Ismael Garc\u00eda M.\/Zona Roja. Oaxaca, Oax., 8 de septiembre de 2025.- \u00bfVa o no va&hellip;<\/p>\n","protected":false},"author":2,"featured_media":67764,"comment_status":"closed","ping_status":"open","sticky":false,"template":"","format":"standard","meta":{"_lmt_disableupdate":"","_lmt_disable":"","_jetpack_memberships_contains_paid_content":false,"footnotes":""},"categories":[456,109,48],"tags":[1353],"class_list":["post-84402","post","type-post","status-publish","format-standard","has-post-thumbnail","hentry","category-columna","category-minuto-a-minuto","category-zona-critica","tag-opinion-zona-critica"],"jetpack_featured_media_url":"https:\/\/zonaroja.com.mx\/wp-content\/uploads\/2024\/04\/Opinion-Zona-Roja-Ismael-Garcia.jpg","jetpack_sharing_enabled":true,"_links":{"self":[{"href":"https:\/\/zonaroja.com.mx\/index.php?rest_route=\/wp\/v2\/posts\/84402","targetHints":{"allow":["GET"]}}],"collection":[{"href":"https:\/\/zonaroja.com.mx\/index.php?rest_route=\/wp\/v2\/posts"}],"about":[{"href":"https:\/\/zonaroja.com.mx\/index.php?rest_route=\/wp\/v2\/types\/post"}],"author":[{"embeddable":true,"href":"https:\/\/zonaroja.com.mx\/index.php?rest_route=\/wp\/v2\/users\/2"}],"replies":[{"embeddable":true,"href":"https:\/\/zonaroja.com.mx\/index.php?rest_route=%2Fwp%2Fv2%2Fcomments&post=84402"}],"version-history":[{"count":2,"href":"https:\/\/zonaroja.com.mx\/index.php?rest_route=\/wp\/v2\/posts\/84402\/revisions"}],"predecessor-version":[{"id":84409,"href":"https:\/\/zonaroja.com.mx\/index.php?rest_route=\/wp\/v2\/posts\/84402\/revisions\/84409"}],"wp:featuredmedia":[{"embeddable":true,"href":"https:\/\/zonaroja.com.mx\/index.php?rest_route=\/wp\/v2\/media\/67764"}],"wp:attachment":[{"href":"https:\/\/zonaroja.com.mx\/index.php?rest_route=%2Fwp%2Fv2%2Fmedia&parent=84402"}],"wp:term":[{"taxonomy":"category","embeddable":true,"href":"https:\/\/zonaroja.com.mx\/index.php?rest_route=%2Fwp%2Fv2%2Fcategories&post=84402"},{"taxonomy":"post_tag","embeddable":true,"href":"https:\/\/zonaroja.com.mx\/index.php?rest_route=%2Fwp%2Fv2%2Ftags&post=84402"}],"curies":[{"name":"wp","href":"https:\/\/api.w.org\/{rel}","templated":true}]}}