{"id":84407,"date":"2025-09-08T12:30:00","date_gmt":"2025-09-08T18:30:00","guid":{"rendered":"https:\/\/zonaroja.com.mx\/?p=84407"},"modified":"2025-09-08T09:54:15","modified_gmt":"2025-09-08T15:54:15","slug":"narcoguerra-ha-dejado-en-sinaloa-cerca-de-dos-mil-muertos","status":"publish","type":"post","link":"https:\/\/zonaroja.com.mx\/?p=84407","title":{"rendered":"\u201cNarcoguerra\u201d ha dejado en Sinaloa cerca de dos mil muertos"},"content":{"rendered":"\n<p>Redacci\u00f3n\/Zona Roja Cdmx.<\/p>\n\n\n\n<p>Ciudad de M\u00e9xico, a 8 de septiembre de 2025.- La guerra entre las facciones \u201cLos Chapitos\u201d y \u201cLos Mayitos\u201d, comenzada tras la detenci\u00f3n del capo del c\u00e1rtel de Sinaloa, Ismael \u201cEl Mayo\u201d Zambada, en Estados Unidos, ha dejado mil 709 asesinatos de acuerdo con cifras de la Coordinaci\u00f3n General del Consejo Estatal de Seguridad.&nbsp;<\/p>\n\n\n\n<p>Entre los ultimados se encuentran 64 menores, como v\u00edctimas colaterales o directas de ataques, as\u00ed como 48 polic\u00edas municipales y estatales, lo mismo que uno federal.<\/p>\n\n\n\n<p>Adem\u00e1s, dos mil 323 personas fueron privadas de la libertad (de las cuales 901 se localizaron con vida); seis mil 526 mil veh\u00edculos fueron robados, y 900 de ellos fueron recuperados. En un a\u00f1o, las autoridades capturaron a mil 660 sujetos ligados a actividades criminales.<\/p>\n\n\n\n<p>La inseguridad y violencia han provocado tambi\u00e9n una crisis econ\u00f3mica, ya que se perdieron 40 mil empleos por el cierre de unos dos mil negocios, con p\u00e9rdidas millonarias hasta de 20 mil millones de pesos, seg\u00fan \u00d3scar S\u00e1nchez, de la Uni\u00f3n de Comerciantes en Culiac\u00e1n.<\/p>\n\n\n\n<p>Ayer domingo, alrededor de 20 mil ciudadanos \u2013seg\u00fan los organizadores de la movilizaci\u00f3n\u2013, entre familias, empresarios, comerciantes, abogados, madres buscadoras y dirigentes de asociaciones civiles, en su mayor\u00eda vestidos de blanco, protagonizaron lo que fue considerada como una manifestaci\u00f3n hist\u00f3rica por la paz.<\/p>\n\n\n\n<p>La protesta comenz\u00f3 a las 8:30 en la escalinata de la parroquia de La Lomita, y avanz\u00f3 por la avenida \u00c1lvaro Obreg\u00f3n, principal arteria de la capital del estado; en el trayecto a la catedral se fueron sumando al contingente cientos de personas<\/p>\n\n\n\n<p>La movilizaci\u00f3n, convocada por 36 agrupaciones civiles y empresariales, como la Confederaci\u00f3n Patronal de la Rep\u00fablica Mexicana (Coparmex)-Culiac\u00e1n, fue \u201cun grito de hartazgo ante la indolencia de las autoridades\u201d que, seg\u00fan los asistentes, han sido incapaces de poner un alto a los m\u00faltiples delitos que se cometen a diario.<\/p>\n\n\n\n<p>La manifestaci\u00f3n por la paz, destacaron los participantes, no s\u00f3lo fue un clamor por la seguridad, sino tambi\u00e9n por la golpeada econom\u00eda sinaloense. Por ello, los inconformes pidieron a la presidenta Sheinbaum medidas econ\u00f3micas para mitigar la crisis, entre ellas la condonaci\u00f3n de impuestos, cuotas del Seguro Social y pagos de luz.<\/p>\n\n\n\n<p>Tambi\u00e9n solicitaron el otorgamiento de cr\u00e9ditos para reactivar la econom\u00eda. En un mensaje a las autoridades y gritando \u201c\u00a1Fuera Rocha! \u00a1Fuera Rocha!\u201d, los quejosos puntualizaron que no conf\u00edan en su gobernador, Rub\u00e9n Rocha Moya.<\/p>\n\n\n\n<p>(Con informaci\u00f3n de \u201cLa Jornada\u201d)<\/p>\n","protected":false},"excerpt":{"rendered":"<p>Redacci\u00f3n\/Zona Roja Cdmx. Ciudad de M\u00e9xico, a 8 de septiembre de 2025.- La guerra entre&hellip;<\/p>\n","protected":false},"author":2,"featured_media":73431,"comment_status":"closed","ping_status":"open","sticky":false,"template":"","format":"standard","meta":{"_lmt_disableupdate":"","_lmt_disable":"","_jetpack_memberships_contains_paid_content":false,"footnotes":""},"categories":[109,47],"tags":[4146],"class_list":["post-84407","post","type-post","status-publish","format-standard","has-post-thumbnail","hentry","category-minuto-a-minuto","category-zona-gris","tag-violencia-en-sinaloa"],"jetpack_featured_media_url":"https:\/\/zonaroja.com.mx\/wp-content\/uploads\/2024\/10\/Militares-Culiacan-Sinaloa.jpg.webp","jetpack_sharing_enabled":true,"_links":{"self":[{"href":"https:\/\/zonaroja.com.mx\/index.php?rest_route=\/wp\/v2\/posts\/84407","targetHints":{"allow":["GET"]}}],"collection":[{"href":"https:\/\/zonaroja.com.mx\/index.php?rest_route=\/wp\/v2\/posts"}],"about":[{"href":"https:\/\/zonaroja.com.mx\/index.php?rest_route=\/wp\/v2\/types\/post"}],"author":[{"embeddable":true,"href":"https:\/\/zonaroja.com.mx\/index.php?rest_route=\/wp\/v2\/users\/2"}],"replies":[{"embeddable":true,"href":"https:\/\/zonaroja.com.mx\/index.php?rest_route=%2Fwp%2Fv2%2Fcomments&post=84407"}],"version-history":[{"count":1,"href":"https:\/\/zonaroja.com.mx\/index.php?rest_route=\/wp\/v2\/posts\/84407\/revisions"}],"predecessor-version":[{"id":84408,"href":"https:\/\/zonaroja.com.mx\/index.php?rest_route=\/wp\/v2\/posts\/84407\/revisions\/84408"}],"wp:featuredmedia":[{"embeddable":true,"href":"https:\/\/zonaroja.com.mx\/index.php?rest_route=\/wp\/v2\/media\/73431"}],"wp:attachment":[{"href":"https:\/\/zonaroja.com.mx\/index.php?rest_route=%2Fwp%2Fv2%2Fmedia&parent=84407"}],"wp:term":[{"taxonomy":"category","embeddable":true,"href":"https:\/\/zonaroja.com.mx\/index.php?rest_route=%2Fwp%2Fv2%2Fcategories&post=84407"},{"taxonomy":"post_tag","embeddable":true,"href":"https:\/\/zonaroja.com.mx\/index.php?rest_route=%2Fwp%2Fv2%2Ftags&post=84407"}],"curies":[{"name":"wp","href":"https:\/\/api.w.org\/{rel}","templated":true}]}}