{"id":84414,"date":"2025-09-08T15:45:42","date_gmt":"2025-09-08T21:45:42","guid":{"rendered":"https:\/\/zonaroja.com.mx\/?p=84414"},"modified":"2025-09-08T15:45:45","modified_gmt":"2025-09-08T21:45:45","slug":"reconoce-edil-de-la-capital-respaldo-del-gobierno-del-estado-en-materia-de-seguridad","status":"publish","type":"post","link":"https:\/\/zonaroja.com.mx\/?p=84414","title":{"rendered":"Reconoce edil de la capital respaldo del Gobierno del Estado en materia de seguridad"},"content":{"rendered":"\n<p>Redacci\u00f3n\/Zona Roja.<\/p>\n\n\n\n<p>Oaxaca, Oax., 8 de septiembre de 2025.- El presidente municipal de Oaxaca de Ju\u00e1rez, Ray Chagoya, destac\u00f3 que la seguridad en la capital y en todo el estado se ha consolidado gracias al liderazgo del mandatario Salom\u00f3n Jara Cruz y al respaldo permanente del Gobierno del Estado, que trabaja de manera coordinada con las autoridades municipales.<\/p>\n\n\n\n<p>\u201cEl tema de la seguridad no es un discurso, es un trabajo diario. Gracias al mando coordinado, hoy podemos afirmar que la seguridad en Oaxaca se fortalece con acciones y resultados\u201d, afirm\u00f3 Ray Chagoya.<\/p>\n\n\n\n<p>Durante un acto, en el que tambi\u00e9n participaron autoridades estatales y municipales, se inform\u00f3 que, de acuerdo con la Encuesta Nacional de Victimizaci\u00f3n y Percepci\u00f3n sobre Seguridad P\u00fablica (ENVIPE), la incidencia delictiva ha presentado una disminuci\u00f3n significativa: 19.6 por ciento en 2025, que se suma a la baja del 10 por ciento en 2024, cifras dadas a conocer por el fiscal General del Estado, Bernardo Rodr\u00edguez Alamilla.<\/p>\n\n\n\n<p>Asimismo, en el evento se llev\u00f3 a cabo la entrega de armamento y veh\u00edculos policiales, con el prop\u00f3sito de reforzar la labor de las corporaciones de seguridad p\u00fablica y la procuraci\u00f3n de justicia, lo que representa un paso m\u00e1s hacia la consolidaci\u00f3n de una ciudad y un estado m\u00e1s seguros para las familias oaxaque\u00f1as.<\/p>\n\n\n\n<p>\u201cEl compromiso es claro: seguir trabajando de la mano con el Gobierno del Estado para garantizar la tranquilidad de nuestras vecinas y vecinos\u201d, reiter\u00f3 el edil capitalino.<\/p>\n\n\n\n<figure class=\"wp-block-embed is-type-rich is-provider-twitter wp-block-embed-twitter\"><div class=\"wp-block-embed__wrapper\">\n<div class=\"twitter-tweet\"><blockquote class=\"twitter-tweet\" data-lang=\"es\"><p lang=\"es\" dir=\"ltr\">El presidente municipal de Oaxaca de Ju\u00e1rez, <a href=\"https:\/\/twitter.com\/raychagoya?ref_src=twsrc%5Etfw\">@raychagoya<\/a>, particip\u00f3 hoy en la conferencia de prensa del mandatario <a href=\"https:\/\/twitter.com\/salomonj?ref_src=twsrc%5Etfw\">@salomonj<\/a>, en que destac\u00f3 el esfuerzo institucional de los tres \u00f3rdenes de gobierno para garantizar la seguridad en la capital. <a href=\"https:\/\/t.co\/61tIPTTBYL\">pic.twitter.com\/61tIPTTBYL<\/a><\/p>&mdash; Zona Roja Oaxaca (@ZonaRoja_Oaxaca) <a href=\"https:\/\/twitter.com\/ZonaRoja_Oaxaca\/status\/1965134090950328730?ref_src=twsrc%5Etfw\">8 de septiembre de 2025<\/a><\/blockquote><\/div>\n<\/div><\/figure>\n","protected":false},"excerpt":{"rendered":"<p>Redacci\u00f3n\/Zona Roja. Oaxaca, Oax., 8 de septiembre de 2025.- El presidente municipal de Oaxaca de&hellip;<\/p>\n","protected":false},"author":2,"featured_media":84417,"comment_status":"closed","ping_status":"open","sticky":false,"template":"","format":"standard","meta":{"_lmt_disableupdate":"","_lmt_disable":"","_jetpack_memberships_contains_paid_content":false,"footnotes":""},"categories":[109,46],"tags":[148],"class_list":["post-84414","post","type-post","status-publish","format-standard","has-post-thumbnail","hentry","category-minuto-a-minuto","category-zona-blanca","tag-oaxaca-de-juarez"],"jetpack_featured_media_url":"https:\/\/zonaroja.com.mx\/wp-content\/uploads\/2025\/09\/Edil-Ray-Chagoya-Oaxaca-seguridad.jpeg","jetpack_sharing_enabled":true,"_links":{"self":[{"href":"https:\/\/zonaroja.com.mx\/index.php?rest_route=\/wp\/v2\/posts\/84414","targetHints":{"allow":["GET"]}}],"collection":[{"href":"https:\/\/zonaroja.com.mx\/index.php?rest_route=\/wp\/v2\/posts"}],"about":[{"href":"https:\/\/zonaroja.com.mx\/index.php?rest_route=\/wp\/v2\/types\/post"}],"author":[{"embeddable":true,"href":"https:\/\/zonaroja.com.mx\/index.php?rest_route=\/wp\/v2\/users\/2"}],"replies":[{"embeddable":true,"href":"https:\/\/zonaroja.com.mx\/index.php?rest_route=%2Fwp%2Fv2%2Fcomments&post=84414"}],"version-history":[{"count":1,"href":"https:\/\/zonaroja.com.mx\/index.php?rest_route=\/wp\/v2\/posts\/84414\/revisions"}],"predecessor-version":[{"id":84418,"href":"https:\/\/zonaroja.com.mx\/index.php?rest_route=\/wp\/v2\/posts\/84414\/revisions\/84418"}],"wp:featuredmedia":[{"embeddable":true,"href":"https:\/\/zonaroja.com.mx\/index.php?rest_route=\/wp\/v2\/media\/84417"}],"wp:attachment":[{"href":"https:\/\/zonaroja.com.mx\/index.php?rest_route=%2Fwp%2Fv2%2Fmedia&parent=84414"}],"wp:term":[{"taxonomy":"category","embeddable":true,"href":"https:\/\/zonaroja.com.mx\/index.php?rest_route=%2Fwp%2Fv2%2Fcategories&post=84414"},{"taxonomy":"post_tag","embeddable":true,"href":"https:\/\/zonaroja.com.mx\/index.php?rest_route=%2Fwp%2Fv2%2Ftags&post=84414"}],"curies":[{"name":"wp","href":"https:\/\/api.w.org\/{rel}","templated":true}]}}