{"id":84424,"date":"2025-09-08T20:35:44","date_gmt":"2025-09-09T02:35:44","guid":{"rendered":"https:\/\/zonaroja.com.mx\/?p=84424"},"modified":"2025-09-08T20:35:45","modified_gmt":"2025-09-09T02:35:45","slug":"trabajadores-de-la-universidad-de-la-sierra-sur-se-pronuncian-en-contra-de-decreto","status":"publish","type":"post","link":"https:\/\/zonaroja.com.mx\/?p=84424","title":{"rendered":"Trabajadores de la Universidad de la Sierra Sur se pronuncian en contra de decreto\u00a0"},"content":{"rendered":"\n<p>Lisbeth Mej\u00eda Reyes\/Zona Roja.<\/p>\n\n\n\n<p>Oaxaca, Oax., a 8 de septiembre de 2025.- Trabajadores de la Universidad de la Sierra Sur (Unsis) se pronunciaron en contra del decreto estatal publicado con fecha 29 de agosto en el Peri\u00f3dico Oficial del Estado de Oaxaca sobre la creaci\u00f3n de esta instituci\u00f3n como un organismo p\u00fablico descentralizado y sectorizado a la Secretar\u00eda de Educaci\u00f3n P\u00fablica (SEP).&nbsp;<\/p>\n\n\n\n<p>Esto debido a que los deja en la incertidumbre laboral y porque \u00ablejos de fortalecer el desarrollo laboral y la seguridad jur\u00eddica de los servidores p\u00fablicos\u00bb representa \u00abun grave retroceso en los derechos adquiridos\u00bb.<\/p>\n\n\n\n<p>Adem\u00e1s por las afectaciones a la comunidad universitaria y porque el decreto se hizo sin una consulta, di\u00e1logo o negaci\u00f3n previos con &nbsp;las y los trabajadores.<\/p>\n\n\n\n<p>Debido a esta incertidumbre y su posici\u00f3n en contra del decreto, exigen al gobierno estatal una mesa de di\u00e1logo transparente, abierta y vinculante con las y los trabajadores, a fin de lograr acuerdos y no imponer medidas.<\/p>\n\n\n\n<p>Como este decreto, el gobierno estatal tambi\u00e9n public\u00f3 con esa misma fecha varios similares para las otras nueve instituciones del Sistema de Universidades Estatales de Oaxaca (SUNEO), que impuls\u00f3 desde hace m\u00e1s de 30 a\u00f1os el fallecido rector Modesto Seara V\u00e1zquez.<\/p>\n\n\n\n<p>Los decretos del Ejecutivo estatal han dejado en la incertidumbre a las universidades, especialmente tras la salida de la rectora Mar\u00eda de los \u00c1ngeles Peralta Arias, quien sucedi\u00f3 a Seara como \u00fanica rectora de las 10 universidades tras el fallecimiento de este en el 2022.<\/p>\n\n\n\n<p>En un pronunciamiento fechado el pasado 5 de septiembre, las y los trabajadores de la UNSIS, con sede en Miahuatl\u00e1n de Porfirio D\u00edaz, se mostraron en desacuerdo con el nuevo decreto que tiene entre sus cambios la conformaci\u00f3n de dos autoridades de gobierno: la Junta de Gobierno, como m\u00e1xima autoridad y a su vez presidida por la SEP, y a una rector\u00eda.<\/p>\n\n\n\n<p>Antes de este decreto, las universidades del SUNEO ten\u00edan a un \u00fanico rector o rectora, que solamente han sido Modesto Seara y hasta hace poco Mar\u00eda de los \u00c1ngeles Peralta.<\/p>\n\n\n\n<p>Con la Junta de Gobierno, las y los empleados de la Unsis advierten que habr\u00e1 un poder absoluto \u00abimplicando una simulaci\u00f3n de procesos deliberativos\u00bb, pues las decisiones recaer\u00e1n en los funcionarios estatales que forman parte de la misma y de parte de la universidad solamente se tendr\u00e1 el vot\u00f3 de la o el rector.<\/p>\n\n\n\n<p>Adem\u00e1s porque de acuerdo con el decreto \u00ablas facultades establecidas a la figura del rector (a) son de \u00edndole discrecional\u00bb.<\/p>\n","protected":false},"excerpt":{"rendered":"<p>Lisbeth Mej\u00eda Reyes\/Zona Roja. Oaxaca, Oax., a 8 de septiembre de 2025.- Trabajadores de la&hellip;<\/p>\n","protected":false},"author":2,"featured_media":84425,"comment_status":"closed","ping_status":"open","sticky":false,"template":"","format":"standard","meta":{"_lmt_disableupdate":"","_lmt_disable":"","_jetpack_memberships_contains_paid_content":false,"footnotes":""},"categories":[109,47],"tags":[4436],"class_list":["post-84424","post","type-post","status-publish","format-standard","has-post-thumbnail","hentry","category-minuto-a-minuto","category-zona-gris","tag-universidad-de-la-sierra-sur"],"jetpack_featured_media_url":"https:\/\/zonaroja.com.mx\/wp-content\/uploads\/2025\/09\/Universidad-de-la-Sierra-Sur-Oaxaca.jpg","jetpack_sharing_enabled":true,"_links":{"self":[{"href":"https:\/\/zonaroja.com.mx\/index.php?rest_route=\/wp\/v2\/posts\/84424","targetHints":{"allow":["GET"]}}],"collection":[{"href":"https:\/\/zonaroja.com.mx\/index.php?rest_route=\/wp\/v2\/posts"}],"about":[{"href":"https:\/\/zonaroja.com.mx\/index.php?rest_route=\/wp\/v2\/types\/post"}],"author":[{"embeddable":true,"href":"https:\/\/zonaroja.com.mx\/index.php?rest_route=\/wp\/v2\/users\/2"}],"replies":[{"embeddable":true,"href":"https:\/\/zonaroja.com.mx\/index.php?rest_route=%2Fwp%2Fv2%2Fcomments&post=84424"}],"version-history":[{"count":1,"href":"https:\/\/zonaroja.com.mx\/index.php?rest_route=\/wp\/v2\/posts\/84424\/revisions"}],"predecessor-version":[{"id":84426,"href":"https:\/\/zonaroja.com.mx\/index.php?rest_route=\/wp\/v2\/posts\/84424\/revisions\/84426"}],"wp:featuredmedia":[{"embeddable":true,"href":"https:\/\/zonaroja.com.mx\/index.php?rest_route=\/wp\/v2\/media\/84425"}],"wp:attachment":[{"href":"https:\/\/zonaroja.com.mx\/index.php?rest_route=%2Fwp%2Fv2%2Fmedia&parent=84424"}],"wp:term":[{"taxonomy":"category","embeddable":true,"href":"https:\/\/zonaroja.com.mx\/index.php?rest_route=%2Fwp%2Fv2%2Fcategories&post=84424"},{"taxonomy":"post_tag","embeddable":true,"href":"https:\/\/zonaroja.com.mx\/index.php?rest_route=%2Fwp%2Fv2%2Ftags&post=84424"}],"curies":[{"name":"wp","href":"https:\/\/api.w.org\/{rel}","templated":true}]}}