{"id":84427,"date":"2025-09-08T21:53:26","date_gmt":"2025-09-09T03:53:26","guid":{"rendered":"https:\/\/zonaroja.com.mx\/?p=84427"},"modified":"2025-09-08T21:53:29","modified_gmt":"2025-09-09T03:53:29","slug":"asesinan-a-tres-personas-en-la-costa-y-a-una-en-el-istmo","status":"publish","type":"post","link":"https:\/\/zonaroja.com.mx\/?p=84427","title":{"rendered":"Asesinan a tres personas en la Costa y a una en el Istmo"},"content":{"rendered":"\n<p>Raymundo Morales\/Zona Roja.<\/p>\n\n\n\n<p>Oaxaca, Oax., a 8 de septiembre de 2025.- Tres personas del sexo masculino fueron asesinadas a balazos la ma\u00f1ana de este lunes en el municipio de Santiago Jamiltepec, en la regi\u00f3n de la Costa.<\/p>\n\n\n\n<p>Los cuerpos fueron hallados en un camino de terracer\u00eda hacia la comunidad de El Santo y presentan varios impactos de arma, al parecer de grueso calibre.<\/p>\n\n\n\n<p>Seg\u00fan los primeros datos, fueron emboscados cuando circulaban a bordo de una unidad de motor, por parte de sujetos presuntamente de un grupo de la delincuencia organizada.<\/p>\n\n\n\n<p>Una de las v\u00edctimas ha sido identificada como Jos\u00e9 Ulises L., de aproximadamente 32 a\u00f1os de edad, en tanto que de los otros dos a\u00fan se desconocen sus identidades.<\/p>\n\n\n\n<p>Por otra parte, la tarde de hoy fue ejecutada a balazos un individuo, en la S\u00e9ptima Secci\u00f3n del municipio de Juchitan de Zaragoza.<\/p>\n\n\n\n<p>De manera preliminar se dio a conocer que el hoy occiso respondi\u00f3 en vida al sobre de Juan Carlos S., e indagan si estar\u00eda relacionado con diversos il\u00edcitos.<\/p>\n\n\n\n<p>Cabe precisar que ayer domingo, tres personas fueron asesinadas a balazos en Juchit\u00e1n, en dos hechos distintos; un caso fue de un adolescente de 16 a\u00f1os, ultimado en el centro de esa ciudad.<\/p>\n\n\n\n<p>Otros dos cuerpos fuero localizados a un costado de la carretera federal Trans\u00edstimica, a la altura del paraje \u201cCasablanca\u201d; fueron identificados como Tom\u00e1s Q. L. y Francisco \u201cN\u201d, ambos fueron maniatados y torturados.<\/p>\n","protected":false},"excerpt":{"rendered":"<p>Raymundo Morales\/Zona Roja. Oaxaca, Oax., a 8 de septiembre de 2025.- Tres personas del sexo&hellip;<\/p>\n","protected":false},"author":2,"featured_media":68717,"comment_status":"closed","ping_status":"open","sticky":false,"template":"","format":"standard","meta":{"_lmt_disableupdate":"","_lmt_disable":"","_jetpack_memberships_contains_paid_content":false,"footnotes":""},"categories":[109,51],"tags":[297,797],"class_list":["post-84427","post","type-post","status-publish","format-standard","has-post-thumbnail","hentry","category-minuto-a-minuto","category-zona-roja","tag-ejecutado-juchitan","tag-santiago-jamiltepec"],"jetpack_featured_media_url":"https:\/\/zonaroja.com.mx\/wp-content\/uploads\/2024\/05\/Escena-crimen-1.jpeg","jetpack_sharing_enabled":true,"_links":{"self":[{"href":"https:\/\/zonaroja.com.mx\/index.php?rest_route=\/wp\/v2\/posts\/84427","targetHints":{"allow":["GET"]}}],"collection":[{"href":"https:\/\/zonaroja.com.mx\/index.php?rest_route=\/wp\/v2\/posts"}],"about":[{"href":"https:\/\/zonaroja.com.mx\/index.php?rest_route=\/wp\/v2\/types\/post"}],"author":[{"embeddable":true,"href":"https:\/\/zonaroja.com.mx\/index.php?rest_route=\/wp\/v2\/users\/2"}],"replies":[{"embeddable":true,"href":"https:\/\/zonaroja.com.mx\/index.php?rest_route=%2Fwp%2Fv2%2Fcomments&post=84427"}],"version-history":[{"count":1,"href":"https:\/\/zonaroja.com.mx\/index.php?rest_route=\/wp\/v2\/posts\/84427\/revisions"}],"predecessor-version":[{"id":84428,"href":"https:\/\/zonaroja.com.mx\/index.php?rest_route=\/wp\/v2\/posts\/84427\/revisions\/84428"}],"wp:featuredmedia":[{"embeddable":true,"href":"https:\/\/zonaroja.com.mx\/index.php?rest_route=\/wp\/v2\/media\/68717"}],"wp:attachment":[{"href":"https:\/\/zonaroja.com.mx\/index.php?rest_route=%2Fwp%2Fv2%2Fmedia&parent=84427"}],"wp:term":[{"taxonomy":"category","embeddable":true,"href":"https:\/\/zonaroja.com.mx\/index.php?rest_route=%2Fwp%2Fv2%2Fcategories&post=84427"},{"taxonomy":"post_tag","embeddable":true,"href":"https:\/\/zonaroja.com.mx\/index.php?rest_route=%2Fwp%2Fv2%2Ftags&post=84427"}],"curies":[{"name":"wp","href":"https:\/\/api.w.org\/{rel}","templated":true}]}}