{"id":84429,"date":"2025-09-08T21:57:42","date_gmt":"2025-09-09T03:57:42","guid":{"rendered":"https:\/\/zonaroja.com.mx\/?p=84429"},"modified":"2025-09-08T21:57:44","modified_gmt":"2025-09-09T03:57:44","slug":"entrega-gobierno-mas-de-79-mdp-en-equipos-y-vehiculos-para-seguridad","status":"publish","type":"post","link":"https:\/\/zonaroja.com.mx\/?p=84429","title":{"rendered":"Entrega gobierno m\u00e1s de 79 mdp en equipos y veh\u00edculos para seguridad"},"content":{"rendered":"\n<p>Redacci\u00f3n\/Zona Roja.&nbsp;<\/p>\n\n\n\n<p>Oaxaca, Oax., a 8 de septiembre de 2025.- Con una inversi\u00f3n hist\u00f3rica de 79 millones 481 mil pesos, el gobernador Salom\u00f3n Jara Cruz entreg\u00f3 armamento y veh\u00edculos policiales para reforzar la seguridad ciudadana y garantizar la procuraci\u00f3n de justicia en el estado.<\/p>\n\n\n\n<p>En el acto realizado en el parque \u201cPrimavera Oaxaque\u00f1a Cho Ndob\u00e1\u201d, acompa\u00f1ado por representantes del Ej\u00e9rcito Mexicano, el mandatario estatal destac\u00f3 que este esfuerzo permitir\u00e1 a las y los elementos de los diferentes cuerpos de seguridad p\u00fablica de la entidad, cumplir mejor sus funciones y brindar un servicio m\u00e1s eficiente.<\/p>\n\n\n\n<p>\u201cLa seguridad de las familias es un eje fundamental, no puede haber desarrollo sin paz, ni justicia sin instituciones capaces de hacerla valer\u201d, afirm\u00f3.<\/p>\n\n\n\n<p>De esta manera, se hizo el reparto de 48 camionetas pick up equipadas como patrullas, 23 bicicletas el\u00e9ctricas, 27 motocicletas y 75 fusiles de asalto para instituciones del Gobierno de Oaxaca; as\u00ed como, 19 camionetas para la Fiscal\u00eda General del Estado (FGEO), para reforzar el trabajo de investigaci\u00f3n y procuraci\u00f3n de justicia.<\/p>\n\n\n\n<p>Estas unidades se suman a las 487 dadas con anterioridad, desde que la Primavera Oaxaque\u00f1a inici\u00f3 en diciembre de 2022.&nbsp;<\/p>\n\n\n\n<p>En esta ocasi\u00f3n, las corporaciones beneficiadas con este nuevo equipamiento son: las polic\u00edas Estatal, Vial Estatal y Auxiliar, Bancaria, Industrial y Comercial (PABIC), adem\u00e1s, el Heroico Cuerpo de Bomberos, la FGEO, a las diversas \u00e1reas de la Secretar\u00eda de Seguridad y Protecci\u00f3n Ciudadana (SSPC), la Agencia Estatal de Investigaciones (AEI) y la Universidad de la Seguridad P\u00fablica y Paz Social de Oaxaca.&nbsp;<\/p>\n\n\n\n<p>Con estas acciones, el gobierno de Oaxaca equipa a las corporaciones policiacas con la convicci\u00f3n de que la seguridad y tranquilidad de las familias es una prioridad, lo que ha situado al estado como el quinto m\u00e1s seguro del pa\u00eds.<\/p>\n\n\n\n<p>FONDO DE PENSIONES<\/p>\n\n\n\n<p>En ese marco, y como un acto de reconocimiento tangible al compromiso, entrega y sacrificio de quienes diariamente velan por el bienestar de la poblaci\u00f3n, el gobernador Salom\u00f3n Jara Cruz anunci\u00f3 el nuevo Fondo de Pensiones para Integrantes de las Instituciones Policiales de la Secretar\u00eda de Seguridad y Protecci\u00f3n Ciudadana de Oaxaca.<\/p>\n\n\n\n<p>Se\u00f1al\u00f3 que la Primavera Oaxaque\u00f1a tiene como una prioridad la seguridad de todas y todos, por lo que es necesario consolidar y dignificar a los cuerpos policiacos.&nbsp;<\/p>\n\n\n\n<p>\u201cHace dos a\u00f1os anunciamos el incremento salarial y hoy hemos logrado construir un acuerdo que tendr\u00e1 muchos beneficios para las y los elementos que tengan m\u00e1s de 50 a\u00f1os de edad y al menos 20 a\u00f1os de servicio\u201d, inform\u00f3.<\/p>\n\n\n\n<p>Cabe destacar que este fondo ser\u00e1 una realidad con la reforma a la Ley de Pensiones para las y los integrantes de las instituciones de seguridad p\u00fablica del estado de Oaxaca que se encuentra en estudio por el Congreso Local, ya que la anterior no cubr\u00eda las necesidades indispensables del personal.&nbsp;<\/p>\n\n\n\n<p>Al aprobarse, las y los polic\u00edas podr\u00e1n recibir hasta el 100 por ciento de su \u00faltimo sueldo neto al pensionarse, adem\u00e1s de un incremento salarial para quienes est\u00e9n activos.<\/p>\n\n\n\n<p>Aunado a ello, la pensi\u00f3n por inhabilitaci\u00f3n debido a riesgos laborales pasa del 75 al 90 por ciento y se otorgar\u00e1 pensi\u00f3n por fallecimiento cuando este sea por causas ajenas al servicio, as\u00ed como seguro social para las y los pensionados.<\/p>\n\n\n\n<p>Tambi\u00e9n permitir\u00e1 la cotizaci\u00f3n sobre todas las prestaciones que recibe la o el trabajador y la transferencia de las pensiones por invalidez o incapacidad a las viudas o viudos.<\/p>\n","protected":false},"excerpt":{"rendered":"<p>Redacci\u00f3n\/Zona Roja.&nbsp; Oaxaca, Oax., a 8 de septiembre de 2025.- Con una inversi\u00f3n hist\u00f3rica de&hellip;<\/p>\n","protected":false},"author":2,"featured_media":84416,"comment_status":"closed","ping_status":"open","sticky":false,"template":"","format":"standard","meta":{"_lmt_disableupdate":"","_lmt_disable":"","_jetpack_memberships_contains_paid_content":false,"footnotes":""},"categories":[109,46],"tags":[],"class_list":["post-84429","post","type-post","status-publish","format-standard","has-post-thumbnail","hentry","category-minuto-a-minuto","category-zona-blanca"],"jetpack_featured_media_url":"https:\/\/zonaroja.com.mx\/wp-content\/uploads\/2025\/09\/Refuerza-Gobernador-Salomon-Jara-seguridad-ciudadana-con-entrega-de-mas-de-79-mdp-en-armamento-y-vehiculos11.jpeg","jetpack_sharing_enabled":true,"_links":{"self":[{"href":"https:\/\/zonaroja.com.mx\/index.php?rest_route=\/wp\/v2\/posts\/84429","targetHints":{"allow":["GET"]}}],"collection":[{"href":"https:\/\/zonaroja.com.mx\/index.php?rest_route=\/wp\/v2\/posts"}],"about":[{"href":"https:\/\/zonaroja.com.mx\/index.php?rest_route=\/wp\/v2\/types\/post"}],"author":[{"embeddable":true,"href":"https:\/\/zonaroja.com.mx\/index.php?rest_route=\/wp\/v2\/users\/2"}],"replies":[{"embeddable":true,"href":"https:\/\/zonaroja.com.mx\/index.php?rest_route=%2Fwp%2Fv2%2Fcomments&post=84429"}],"version-history":[{"count":1,"href":"https:\/\/zonaroja.com.mx\/index.php?rest_route=\/wp\/v2\/posts\/84429\/revisions"}],"predecessor-version":[{"id":84430,"href":"https:\/\/zonaroja.com.mx\/index.php?rest_route=\/wp\/v2\/posts\/84429\/revisions\/84430"}],"wp:featuredmedia":[{"embeddable":true,"href":"https:\/\/zonaroja.com.mx\/index.php?rest_route=\/wp\/v2\/media\/84416"}],"wp:attachment":[{"href":"https:\/\/zonaroja.com.mx\/index.php?rest_route=%2Fwp%2Fv2%2Fmedia&parent=84429"}],"wp:term":[{"taxonomy":"category","embeddable":true,"href":"https:\/\/zonaroja.com.mx\/index.php?rest_route=%2Fwp%2Fv2%2Fcategories&post=84429"},{"taxonomy":"post_tag","embeddable":true,"href":"https:\/\/zonaroja.com.mx\/index.php?rest_route=%2Fwp%2Fv2%2Ftags&post=84429"}],"curies":[{"name":"wp","href":"https:\/\/api.w.org\/{rel}","templated":true}]}}