{"id":8443,"date":"2020-02-05T16:47:47","date_gmt":"2020-02-05T22:47:47","guid":{"rendered":"http:\/\/www.zonaroja.com.mx\/?p=8443"},"modified":"2020-02-05T17:01:31","modified_gmt":"2020-02-05T23:01:31","slug":"tras-presiones-sociales-ponen-en-libertad-al-edil-de-santiago-yaitepec","status":"publish","type":"post","link":"https:\/\/zonaroja.com.mx\/?p=8443","title":{"rendered":"Tras presiones sociales, ponen en libertad al edil de Santiago Yaitepec"},"content":{"rendered":"\n<p>Redacci\u00f3n\/Zona Roja.<\/p>\n\n\n\n<p>Oaxaca de Ju\u00e1rez, Oax., 5 de febrero de\n2020.- El Juez de Control del Poder Judicial con sede en Puerto Escondido\ndetermin\u00f3 vincular a proceso al presidente municipal de Santiago Yaitepec, Roberto\nSalinas Santiago, pero continuar\u00e1 el proceso en libertad, por la acusaci\u00f3n de\nrobo con violencia moral.<\/p>\n\n\n\n<p>En un comunicado, la Fiscal\u00eda General\ndel Estado inform\u00f3 que se logr\u00f3 imputar la<\/p>\n\n\n\n<p>probable responsabilidad del edil en el\ndelito de robo con violencia en agravio de P. A. C., P. Z. C., A. G. S., J. L.\nV. G. D. y L. S. cometido en la zona conocida como \u201cEl Pedimento\u201d, Santa\nCatarina Juquila.<\/p>\n\n\n\n<p>Record\u00f3 que los hechos que se la acusan\nocurrieron el 24 de noviembre de 2019, aproximadamente entre las 16:00 y 18:00\nhoras, cuando las v\u00edctimas se encontraban en la zona de \u201cEl Pedimento\u201d, \u201cmomento\nen que fueron agredidas probablemente por el imputado y un grupo de personas\narmadas provenientes de Santiago Yaitepec, quienes realizaron destrozos a sus\nnegocios y se apropiaron de sus mercanc\u00edas\u201d.<\/p>\n\n\n\n<p>A\u00f1adi\u00f3 que la aprehensi\u00f3n del mun\u00edcipe\nfue realizada por la Fiscal\u00eda General, a trav\u00e9s de la Agencia Estatal de\nInvestigaciones, el 30 de enero de 2020 y fue presentado inmediatamente ante la\nautoridad judicial que lo requiri\u00f3.<\/p>\n\n\n\n<p>Tras la investigaci\u00f3n efectuada, se\nlogr\u00f3 determinar la probable responsabilidad del imputado, por lo cual dio\ncumplimiento la orden de aprehensi\u00f3n contra el imputado, derivada de la causa\npenal 558\/2019.<\/p>\n\n\n\n<p>En audiencia celebrada este 5 de\nfebrero de 2020, el Juez de Control dict\u00f3 auto de vinculaci\u00f3n a proceso contra\nel imputado, el cual seguir\u00e1 su proceso judicial en libertad, con las medidas\ncautelares de no acercarse a las v\u00edctimas y presentaci\u00f3n peri\u00f3dica ante el Juzgado\nde Control, otorgando tres meses para el cierre de la investigaci\u00f3n\ncomplementaria.<\/p>\n\n\n\n<p>Este mi\u00e9rcoles, un grupo de habitantes\nhizo presencia en la sede judicial de Puerto Escondido, con el fin de presionar\nla liberaci\u00f3n. Desde el pasado s\u00e1bado, pobladores de Yaitepec efectuaron\nbloqueos carreteros en la v\u00eda a Juquila, para demandar la libertad del edil.<\/p>\n","protected":false},"excerpt":{"rendered":"<p>Redacci\u00f3n\/Zona Roja. Oaxaca de Ju\u00e1rez, Oax., 5 de febrero de 2020.- El Juez de Control&hellip;<\/p>\n","protected":false},"author":2,"featured_media":8243,"comment_status":"closed","ping_status":"open","sticky":false,"template":"","format":"standard","meta":{"_lmt_disableupdate":"","_lmt_disable":"","_jetpack_memberships_contains_paid_content":false,"footnotes":""},"categories":[109,47],"tags":[1332,546],"class_list":["post-8443","post","type-post","status-publish","format-standard","has-post-thumbnail","hentry","category-minuto-a-minuto","category-zona-gris","tag-roberto-salinas-santiago","tag-santiago-yaitepec"],"jetpack_featured_media_url":"https:\/\/zonaroja.com.mx\/wp-content\/uploads\/2020\/01\/Edil-Roberto-Salinas-Santiago.jpg","jetpack_sharing_enabled":true,"_links":{"self":[{"href":"https:\/\/zonaroja.com.mx\/index.php?rest_route=\/wp\/v2\/posts\/8443","targetHints":{"allow":["GET"]}}],"collection":[{"href":"https:\/\/zonaroja.com.mx\/index.php?rest_route=\/wp\/v2\/posts"}],"about":[{"href":"https:\/\/zonaroja.com.mx\/index.php?rest_route=\/wp\/v2\/types\/post"}],"author":[{"embeddable":true,"href":"https:\/\/zonaroja.com.mx\/index.php?rest_route=\/wp\/v2\/users\/2"}],"replies":[{"embeddable":true,"href":"https:\/\/zonaroja.com.mx\/index.php?rest_route=%2Fwp%2Fv2%2Fcomments&post=8443"}],"version-history":[{"count":2,"href":"https:\/\/zonaroja.com.mx\/index.php?rest_route=\/wp\/v2\/posts\/8443\/revisions"}],"predecessor-version":[{"id":8445,"href":"https:\/\/zonaroja.com.mx\/index.php?rest_route=\/wp\/v2\/posts\/8443\/revisions\/8445"}],"wp:featuredmedia":[{"embeddable":true,"href":"https:\/\/zonaroja.com.mx\/index.php?rest_route=\/wp\/v2\/media\/8243"}],"wp:attachment":[{"href":"https:\/\/zonaroja.com.mx\/index.php?rest_route=%2Fwp%2Fv2%2Fmedia&parent=8443"}],"wp:term":[{"taxonomy":"category","embeddable":true,"href":"https:\/\/zonaroja.com.mx\/index.php?rest_route=%2Fwp%2Fv2%2Fcategories&post=8443"},{"taxonomy":"post_tag","embeddable":true,"href":"https:\/\/zonaroja.com.mx\/index.php?rest_route=%2Fwp%2Fv2%2Ftags&post=8443"}],"curies":[{"name":"wp","href":"https:\/\/api.w.org\/{rel}","templated":true}]}}