{"id":84431,"date":"2025-09-09T07:15:00","date_gmt":"2025-09-09T13:15:00","guid":{"rendered":"https:\/\/zonaroja.com.mx\/?p=84431"},"modified":"2025-09-09T07:06:52","modified_gmt":"2025-09-09T13:06:52","slug":"se-suicida-capitan-de-marina-involucrado-en-red-de-huachicol-en-tamaulipas","status":"publish","type":"post","link":"https:\/\/zonaroja.com.mx\/?p=84431","title":{"rendered":"Se suicida capit\u00e1n de Marina involucrado en red de \u201chuachicol\u201d en Tamaulipas"},"content":{"rendered":"\n<p>Redacci\u00f3n\/Zona Roja Cdmx.<\/p>\n\n\n\n<p>Ciudad de M\u00e9xico, a 9 de septiembre de 2025.- La Secretar\u00eda de Marina lament\u00f3 el fallecimiento de uno de sus miembros en Tamaulipas este lunes 8 de septiembre.&nbsp;<\/p>\n\n\n\n<p>Si bien la Semar no inform\u00f3 los detalles al respecto, fuentes indicaron que se tratar\u00eda del capit\u00e1n Abraham P\u00e9rez Ram\u00edrez, presuntamente involucrado en la red de huachicol.<\/p>\n\n\n\n<p>De acuerdo con fuentes de \u201cReforma\u201d, Abraham P\u00e9rez presuntamente entregaba dinero a funcionarios de la Marina que permit\u00edan la operaci\u00f3n de la red de huachicol en el estado. El capit\u00e1n se quit\u00f3 la vida en sus oficinas en Altamira, seg\u00fan el medio.<\/p>\n\n\n\n<p>Abraham P\u00e9rez Ram\u00edrez se desempe\u00f1\u00f3 como titular de la Unidad de Protecci\u00f3n Portuaria de Altamira.<\/p>\n\n\n\n<p>Seg\u00fan el diario \u201cReforma\u201d, el capit\u00e1n Abraham P\u00e9rez permiti\u00f3 la descarga de un \u201chuachi-buque\u201d en abril de 2024 en Tampico, cuando se desempe\u00f1aba como responsable de la Unidad de Protecci\u00f3n Portuaria del lugar; por esta acci\u00f3n obtuvo 100 mil pesos.<\/p>\n\n\n\n<p>La Secretar\u00eda de Seguridad y Protecci\u00f3n Ciudadana (SSPC) confirm\u00f3 la existencia de una red de \u201chuachicol\u201d que operaba especialmente en Tampico, Tamaulipas, en la que estaban ligados diversos funcionarios.<\/p>\n\n\n\n<p>En conferencia el 7 de septiembre, el secretario Omar Garc\u00eda Harfuch detall\u00f3 que cinco marinos en activo y empresarios formaban parte de esta red criminal que se dedicaba al robo de combustible (\u201chuachicol\u201d).<\/p>\n\n\n\n<p>Al menos 14 personas han sido detenidas, entre ellas tres empresarios, cinco marinos en activo, un marino en retiro y cinco exfuncionarios de aduanas.<\/p>\n\n\n\n<p>Los sujetos detenidos por su v\u00ednculo con la red de \u201chuachicol\u201d fueron identificados con los nombres Manuel Roberto \u2018N\u2019, Climaco \u2018N\u2019, Humberto Enrique \u2018N\u2019, Sergio \u2018N\u2019, Carlos de Jes\u00fas \u2018N\u2019, Fernando \u2018N\u2019, Francisco Javier \u2018N\u2019, Endira X\u00f3chitl \u2018N\u2019, Perla Elizabeth \u2018N\u2019, Natalia \u2018N\u2019, Ismael \u2018N\u2019, Anuar \u2018N\u2019, H\u00e9ctor Manuel \u2018N\u2019 y Jos\u00e9 \u2019N\u2019.<\/p>\n\n\n\n<p>Entre los detenidos est\u00e1 Roberto Far\u00edas Laguna, vicealmirante de la Secretar\u00eda de Marina y sobrino pol\u00edtico del exsecretario de Marina, Rafael Ojeda Dur\u00e1n; as\u00ed como Francisco Javier Antonio Mart\u00ednez, exfuncionario de la Administraci\u00f3n del Sistema Portuario Nacional (Asipona) en Tampico.<\/p>\n\n\n\n<p>Las autoridades decomisaron un buque con 10 millones de litros de diesel, siendo este uno de los decomisos m\u00e1s grandes de la historia en el combate contra el \u201chuachicol\u201d en M\u00e9xico.<\/p>\n\n\n\n<p>La presidenta mexicana Claudia Sheinbaum record\u00f3 que hay un compromiso de cero impunidad, por lo que el gobierno detendr\u00e1 a todos los involucrados en esta red de huachicol.<\/p>\n\n\n\n<p>Adem\u00e1s, Sheinbaum destac\u00f3 que las detenciones logradas ocurrieron porque hubo denuncias del exsecretario de Marina, el almirante Rafael Ojeda ante la Fiscal\u00eda General de la Rep\u00fablica (FGR) hace casi dos a\u00f1os, de acuerdo con el fiscal Alejandro Gertz Manero.<\/p>\n\n\n\n<p>(Informaci\u00f3n de \u201cEl Financiero\u201d)<\/p>\n","protected":false},"excerpt":{"rendered":"<p>Redacci\u00f3n\/Zona Roja Cdmx. Ciudad de M\u00e9xico, a 9 de septiembre de 2025.- La Secretar\u00eda de&hellip;<\/p>\n","protected":false},"author":2,"featured_media":84434,"comment_status":"closed","ping_status":"open","sticky":false,"template":"","format":"standard","meta":{"_lmt_disableupdate":"","_lmt_disable":"","_jetpack_memberships_contains_paid_content":false,"footnotes":""},"categories":[109,47],"tags":[],"class_list":["post-84431","post","type-post","status-publish","format-standard","has-post-thumbnail","hentry","category-minuto-a-minuto","category-zona-gris"],"jetpack_featured_media_url":"https:\/\/zonaroja.com.mx\/wp-content\/uploads\/2025\/09\/Se-suicida-marino-caso-Huachicol-Tamaulipas.png","jetpack_sharing_enabled":true,"_links":{"self":[{"href":"https:\/\/zonaroja.com.mx\/index.php?rest_route=\/wp\/v2\/posts\/84431","targetHints":{"allow":["GET"]}}],"collection":[{"href":"https:\/\/zonaroja.com.mx\/index.php?rest_route=\/wp\/v2\/posts"}],"about":[{"href":"https:\/\/zonaroja.com.mx\/index.php?rest_route=\/wp\/v2\/types\/post"}],"author":[{"embeddable":true,"href":"https:\/\/zonaroja.com.mx\/index.php?rest_route=\/wp\/v2\/users\/2"}],"replies":[{"embeddable":true,"href":"https:\/\/zonaroja.com.mx\/index.php?rest_route=%2Fwp%2Fv2%2Fcomments&post=84431"}],"version-history":[{"count":1,"href":"https:\/\/zonaroja.com.mx\/index.php?rest_route=\/wp\/v2\/posts\/84431\/revisions"}],"predecessor-version":[{"id":84435,"href":"https:\/\/zonaroja.com.mx\/index.php?rest_route=\/wp\/v2\/posts\/84431\/revisions\/84435"}],"wp:featuredmedia":[{"embeddable":true,"href":"https:\/\/zonaroja.com.mx\/index.php?rest_route=\/wp\/v2\/media\/84434"}],"wp:attachment":[{"href":"https:\/\/zonaroja.com.mx\/index.php?rest_route=%2Fwp%2Fv2%2Fmedia&parent=84431"}],"wp:term":[{"taxonomy":"category","embeddable":true,"href":"https:\/\/zonaroja.com.mx\/index.php?rest_route=%2Fwp%2Fv2%2Fcategories&post=84431"},{"taxonomy":"post_tag","embeddable":true,"href":"https:\/\/zonaroja.com.mx\/index.php?rest_route=%2Fwp%2Fv2%2Ftags&post=84431"}],"curies":[{"name":"wp","href":"https:\/\/api.w.org\/{rel}","templated":true}]}}