{"id":84438,"date":"2025-09-09T09:15:00","date_gmt":"2025-09-09T15:15:00","guid":{"rendered":"https:\/\/zonaroja.com.mx\/?p=84438"},"modified":"2025-09-09T07:11:15","modified_gmt":"2025-09-09T13:11:15","slug":"suicidio-un-problema-de-salud-publica-que-persiste-en-oaxaca","status":"publish","type":"post","link":"https:\/\/zonaroja.com.mx\/?p=84438","title":{"rendered":"Suicidio, un problema de salud p\u00fablica que persiste en Oaxaca\u00a0"},"content":{"rendered":"\n<p>Lisbeth Mej\u00eda Reyes\/Zona Roja.<\/p>\n\n\n\n<p>Oaxaca, Oax., a 9 de septiembre de 2025.- Aunque es de los estados con las m\u00e1s bajas incidencias, el suicidio es un problema de salud p\u00fablica que persiste en el estado de Oaxaca.&nbsp;<\/p>\n\n\n\n<p>Como en el resto del pa\u00eds, a\u00fan requiere de esfuerzos para que la salud psicol\u00f3gica sea una prioridad y deje de ser un tema tab\u00fa o de estigmatizaci\u00f3n.<\/p>\n\n\n\n<p>Datos del Instituto Nacional de Estad\u00edstica y Geograf\u00eda (Inegi), muestran que en los \u00faltimos a\u00f1os se han llegado a contar hasta 229 suicidios anualmente en la entidad.<\/p>\n\n\n\n<p>En 2020 fueron 214 muertes reportadas a causa de suicidio; en 2021, 189; en el 2022, 166; en 2023, 229, y en el a\u00f1o 2024 se reportaron 223 decesos por suicidio.&nbsp;<\/p>\n\n\n\n<p>La prevalencia es mayor en hombres que en mujeres, como tambi\u00e9n se observa a nivel nacional.<\/p>\n\n\n\n<p>Por ejemplo, de los 223 casos registrados en Oaxaca en el 2024, 189 fueron de hombres y 34 de mujeres.<\/p>\n\n\n\n<p>El 10 de septiembre se conmemora el D\u00eda Mundial para la Prevenci\u00f3n del Suicidio, instaurado por la Asociaci\u00f3n Internacional para la Prevenci\u00f3n del Suicidio y avalado por la Organizaci\u00f3n &nbsp;Mundial de la Salud (OMS).&nbsp;<\/p>\n\n\n\n<p>Est\u00e1 fecha tiene como prop\u00f3sito el impulsar acciones concretas para reducir las muertes por esta causa a nivel global, se\u00f1ala el Inegi en sus estad\u00edsticas con motivo de esta fecha.<\/p>\n\n\n\n<p>En el estado de Oaxaca, el Inegi se\u00f1ala que presenta una de las tasas m\u00e1s bajas de incidencia en el pa\u00eds, con 6.2 muertes por suicidio por cada 100 mil habitantes.<\/p>\n\n\n\n<p>En el pa\u00eds, donde en el 2024 ocurrieron y fueron registradas ocho mil 856 defunciones de personas &nbsp;de 10 a\u00f1os y m\u00e1s por suicidio, la tasa es de &nbsp;6.8 por cada 100 mil habitantes, reporta el instituto.<\/p>\n\n\n\n<p>En cuanto a g\u00e9neros, la tasa de suicidios fue de 2.6 por cada 100 mil mujeres y &nbsp;11.2 por cada 100 mil hombres; por grupos de edad, el de 30 a 44 a\u00f1os present\u00f3 &nbsp;el valor m\u00e1s alto (10.7), seguido por el de 15 a 29 a\u00f1os (10.2).&nbsp;<\/p>\n\n\n\n<p>Las entidades con las mayores tasas de suicidio fueron en Chihuahua (16.4 por cada 100 mil habitantes), Yucat\u00e1n (16.2) y Aguascalientes (14.3).<\/p>\n\n\n\n<p>La Organizaci\u00f3n Mundial de la Salud (OMS) informa que \u00abcada a\u00f1o, 727 mil personas se quitan la vida y muchas m\u00e1s lo intentan. Todos los casos son tragedias para las familias, su entorno y todo el pa\u00eds, y dejan efectos duraderos para los allegados. Los suicidios pueden ocurrir a cualquier edad y fueron la tercera causa m\u00e1s frecuente de muerte en las personas de 15 a 29 a\u00f1os a nivel mundial en 2021\u00bb.<\/p>\n\n\n\n<p>En cuanto a la prevenci\u00f3n, la OMS apunta que es posible \u00abmediante intervenciones a nivel social, grupal e individual\u00bb. Tambi\u00e9n que \u00abes m\u00e1s eficaz cuando colaboran varios sectores de la sociedad\u00bb y se enfrenta la estigmatizaci\u00f3n en torno a la salud mental y el suicidio.<\/p>\n\n\n\n<p>\u00abLa prevenci\u00f3n del suicidio no se ha abordado debidamente a causa de la falta de sensibilizaci\u00f3n sobre su importancia para la salud p\u00fablica y del tab\u00fa existente en muchas sociedades que impide hablar abiertamente sobre este tema. Hasta la fecha, solo unos pocos pa\u00edses han incluido la prevenci\u00f3n del suicidio entre las prioridades de sus pol\u00edticas de salud\u00bb, refiere la organizaci\u00f3n.<\/p>\n","protected":false},"excerpt":{"rendered":"<p>Lisbeth Mej\u00eda Reyes\/Zona Roja. Oaxaca, Oax., a 9 de septiembre de 2025.- Aunque es de&hellip;<\/p>\n","protected":false},"author":2,"featured_media":72463,"comment_status":"closed","ping_status":"open","sticky":false,"template":"","format":"standard","meta":{"_lmt_disableupdate":"","_lmt_disable":"","_jetpack_memberships_contains_paid_content":false,"footnotes":""},"categories":[109,47],"tags":[2309],"class_list":["post-84438","post","type-post","status-publish","format-standard","has-post-thumbnail","hentry","category-minuto-a-minuto","category-zona-gris","tag-suicidios-en-oaxaca"],"jetpack_featured_media_url":"https:\/\/zonaroja.com.mx\/wp-content\/uploads\/2024\/09\/Suicidio.jpeg","jetpack_sharing_enabled":true,"_links":{"self":[{"href":"https:\/\/zonaroja.com.mx\/index.php?rest_route=\/wp\/v2\/posts\/84438","targetHints":{"allow":["GET"]}}],"collection":[{"href":"https:\/\/zonaroja.com.mx\/index.php?rest_route=\/wp\/v2\/posts"}],"about":[{"href":"https:\/\/zonaroja.com.mx\/index.php?rest_route=\/wp\/v2\/types\/post"}],"author":[{"embeddable":true,"href":"https:\/\/zonaroja.com.mx\/index.php?rest_route=\/wp\/v2\/users\/2"}],"replies":[{"embeddable":true,"href":"https:\/\/zonaroja.com.mx\/index.php?rest_route=%2Fwp%2Fv2%2Fcomments&post=84438"}],"version-history":[{"count":1,"href":"https:\/\/zonaroja.com.mx\/index.php?rest_route=\/wp\/v2\/posts\/84438\/revisions"}],"predecessor-version":[{"id":84439,"href":"https:\/\/zonaroja.com.mx\/index.php?rest_route=\/wp\/v2\/posts\/84438\/revisions\/84439"}],"wp:featuredmedia":[{"embeddable":true,"href":"https:\/\/zonaroja.com.mx\/index.php?rest_route=\/wp\/v2\/media\/72463"}],"wp:attachment":[{"href":"https:\/\/zonaroja.com.mx\/index.php?rest_route=%2Fwp%2Fv2%2Fmedia&parent=84438"}],"wp:term":[{"taxonomy":"category","embeddable":true,"href":"https:\/\/zonaroja.com.mx\/index.php?rest_route=%2Fwp%2Fv2%2Fcategories&post=84438"},{"taxonomy":"post_tag","embeddable":true,"href":"https:\/\/zonaroja.com.mx\/index.php?rest_route=%2Fwp%2Fv2%2Ftags&post=84438"}],"curies":[{"name":"wp","href":"https:\/\/api.w.org\/{rel}","templated":true}]}}