{"id":84446,"date":"2025-09-09T11:58:00","date_gmt":"2025-09-09T17:58:00","guid":{"rendered":"https:\/\/zonaroja.com.mx\/?p=84446"},"modified":"2025-09-09T08:05:19","modified_gmt":"2025-09-09T14:05:19","slug":"presentan-en-oaxaca-libro-sobre-jurgen-habermas","status":"publish","type":"post","link":"https:\/\/zonaroja.com.mx\/?p=84446","title":{"rendered":"Presentan en Oaxaca libro sobre J\u00fcrgen Habermas"},"content":{"rendered":"\n<p>Redacci\u00f3n\/Zona Roja.<\/p>\n\n\n\n<p>Oaxaca, Oax., a 9 de septiembre de 2025.- Ante destacados ponentes, el doctor en Derecho, Rodolfo Moreno Cruz, present\u00f3 ayer su libro \u201cJ\u00fcrgen Habermas el jurista. Claves para comprender el pensamiento jur\u00eddico\u201d.<\/p>\n\n\n\n<p>La actividad fue organizada por la Universidad An\u00e1huac Oaxaca, en el marco de 25 aniversario de su creaci\u00f3n en la entidad.<\/p>\n\n\n\n<p>Entre los ponentes destacaron Olga Hern\u00e1ndez Cuevas, Pedro Ojeda Garrido y Ricardo Hern\u00e1ndez Aguilar, bajo la moderaci\u00f3n del coordinador de la Escuela de Gobierno, Daniel Vel\u00e1squez Paz, con la presencia de la rectora Carolin Mendoza Lecrere.<\/p>\n\n\n\n<p>Adem\u00e1s, en ese marco de la presentaci\u00f3n del libro, efectuada en el Centro Cultural San Pablo de la capital, se present\u00f3 la exposici\u00f3n \u201cDonde nace la luz\u201d, del artista pl\u00e1stico oaxaque\u00f1o Jes\u00fas Cuevas.<\/p>\n\n\n\n<p>Habermas es un fil\u00f3sofo y soci\u00f3logo alem\u00e1n conocido por sus trabajos en filosof\u00eda pol\u00edtica, \u00e9tica y teor\u00eda del derecho, as\u00ed como en filosof\u00eda del lenguaje.<\/p>\n\n\n\n<p>En 2001 obtuvo el Premio de la Paz que conceden los libreros alemanes y en 2003, el Premio Pr\u00edncipe de Asturias de Ciencias Sociales.<\/p>\n\n\n\n<p>Es doctor honoris causa por las universidades, entre otras, de Jerusal\u00e9n, Buenos Aires, Hamburgo, Northwestern University Evanston, Utrecht, Tel Aviv, Atenas y la New School for Social Research de Nueva York, as\u00ed como miembro de la Academia Alemana de la Lengua y la Poes\u00eda.<\/p>\n\n\n\n<p>El libro, dijo Rodolfo Moreno, busca ofrecer algunas herramientas o claves para entender las ideas del fil\u00f3sofo alem\u00e1n J\u00fcrgen Habermas en torno al Derecho.<\/p>\n\n\n\n<p>De acuerdo con el autor, en el a\u00f1o de 1986 Habermas convoc\u00f3 a un grupo de juristas de toda Europa para reunirse en Frankfurt, Alemania, con el objetivo de responder a tres preguntas b\u00e1sicas sobre el Derecho: \u00bfQu\u00e9 es el Derecho?, \u00bfHacia d\u00f3nde va el Derecho?, y \u00bfQu\u00e9 vamos a hacer con el Derecho?<\/p>\n\n\n\n<p>En ese entonces Frankfurt era una de las ciudades m\u00e1s importantes de Europa. Ah\u00ed estuvo la primera sede del banco europeo y el Centro de Estudios para la Uni\u00f3n Europea.<\/p>\n\n\n\n<p>El autor expuso que esta reuni\u00f3n dio origen a un estudio muy completo de Habermas en el que critica, construye y polemiza alrededor de la construcci\u00f3n cl\u00e1sica y las bases del Derecho; a estos dos \u00faltimos, le critica cinco cosas.<\/p>\n\n\n\n<p>Entre esas cr\u00edticas se encuentra que en la concepci\u00f3n cl\u00e1sica se concibe al Derecho como algo est\u00e1tico; y afirma que no es est\u00e1tico, sino muy din\u00e1mico.<\/p>\n\n\n\n<p>\u201cLo tiene que resolver d\u00eda a d\u00eda, es como un ser que est\u00e1 creciendo, y que cambia constantemente\u2026 El problema es que si nosotros seguimos con la concepci\u00f3n de un Derecho est\u00e1tico, nuestro Derecho va a seguir fracasando, porque el Derecho es din\u00e1mico, hay situaciones imprevistas\u201d.<\/p>\n\n\n\n<p>Otra cr\u00edtica, dijo el autor, es que el Derecho se ha sido visto de manera homog\u00e9nea, como una medida que nos quiere medir a todos por igual.<\/p>\n\n\n\n<p>\u201cEso no nos hace diferentes en inferioridad, sino nos hace diferente por propia naturaleza, que no significa ning\u00fan rango de jerarqu\u00eda, hay algunos que son altos, bajos, algunos m\u00e1s claros o m\u00e1s morenos. El Derecho si nos universaliza, no visibiliza, y eso tiene consecuencias para los aplicadores del Derecho\u201d, explic\u00f3.<\/p>\n\n\n\n<p>Y una tercera cr\u00edtica, es el que el Derecho se ha generado como un grupo elitista.<\/p>\n\n\n\n<p>A la presentaci\u00f3n del libro acudieron magistrados del Poder Judicial de Oaxaca, as\u00ed como integrantes del Tribunal de Justicia Administrativa y del Poder Legislativo, as\u00ed como acad\u00e9micos, entre otros.<\/p>\n\n\n\n<p>(Con informaci\u00f3n de Estado 20).<\/p>\n\n\n\n<figure class=\"wp-block-embed is-type-rich is-provider-twitter wp-block-embed-twitter\"><div class=\"wp-block-embed__wrapper\">\n<div class=\"twitter-tweet\"><blockquote class=\"twitter-tweet\" data-lang=\"es\"><p lang=\"es\" dir=\"ltr\">En el marco de la presentaci\u00f3n del libro &quot;J\u00fcrgen Habermas el jurista. Claves para comprender el pensamiento jur\u00eddico&quot;, la Universidad An\u00e1huac Oaxaca abri\u00f3 tambi\u00e9n la exposici\u00f3n \u201cDonde nace la luz\u201d, del artista pl\u00e1stico oaxaque\u00f1o Jes\u00fas Cuevas, quien estuvo presente en el acto\u2026 <a href=\"https:\/\/t.co\/wMEwrsQ2qo\">pic.twitter.com\/wMEwrsQ2qo<\/a><\/p>&mdash; Zona Roja Oaxaca (@ZonaRoja_Oaxaca) <a href=\"https:\/\/twitter.com\/ZonaRoja_Oaxaca\/status\/1965249284242014535?ref_src=twsrc%5Etfw\">9 de septiembre de 2025<\/a><\/blockquote><\/div>\n<\/div><\/figure>\n","protected":false},"excerpt":{"rendered":"<p>Redacci\u00f3n\/Zona Roja. Oaxaca, Oax., a 9 de septiembre de 2025.- Ante destacados ponentes, el doctor&hellip;<\/p>\n","protected":false},"author":2,"featured_media":84447,"comment_status":"closed","ping_status":"open","sticky":false,"template":"","format":"standard","meta":{"_lmt_disableupdate":"","_lmt_disable":"","_jetpack_memberships_contains_paid_content":false,"footnotes":""},"categories":[109,46],"tags":[4438],"class_list":["post-84446","post","type-post","status-publish","format-standard","has-post-thumbnail","hentry","category-minuto-a-minuto","category-zona-blanca","tag-universidad-anahuac-oaxaca"],"jetpack_featured_media_url":"https:\/\/zonaroja.com.mx\/wp-content\/uploads\/2025\/09\/Libro-Habermas-Universidad-Anahuac.jpg","jetpack_sharing_enabled":true,"_links":{"self":[{"href":"https:\/\/zonaroja.com.mx\/index.php?rest_route=\/wp\/v2\/posts\/84446","targetHints":{"allow":["GET"]}}],"collection":[{"href":"https:\/\/zonaroja.com.mx\/index.php?rest_route=\/wp\/v2\/posts"}],"about":[{"href":"https:\/\/zonaroja.com.mx\/index.php?rest_route=\/wp\/v2\/types\/post"}],"author":[{"embeddable":true,"href":"https:\/\/zonaroja.com.mx\/index.php?rest_route=\/wp\/v2\/users\/2"}],"replies":[{"embeddable":true,"href":"https:\/\/zonaroja.com.mx\/index.php?rest_route=%2Fwp%2Fv2%2Fcomments&post=84446"}],"version-history":[{"count":1,"href":"https:\/\/zonaroja.com.mx\/index.php?rest_route=\/wp\/v2\/posts\/84446\/revisions"}],"predecessor-version":[{"id":84448,"href":"https:\/\/zonaroja.com.mx\/index.php?rest_route=\/wp\/v2\/posts\/84446\/revisions\/84448"}],"wp:featuredmedia":[{"embeddable":true,"href":"https:\/\/zonaroja.com.mx\/index.php?rest_route=\/wp\/v2\/media\/84447"}],"wp:attachment":[{"href":"https:\/\/zonaroja.com.mx\/index.php?rest_route=%2Fwp%2Fv2%2Fmedia&parent=84446"}],"wp:term":[{"taxonomy":"category","embeddable":true,"href":"https:\/\/zonaroja.com.mx\/index.php?rest_route=%2Fwp%2Fv2%2Fcategories&post=84446"},{"taxonomy":"post_tag","embeddable":true,"href":"https:\/\/zonaroja.com.mx\/index.php?rest_route=%2Fwp%2Fv2%2Ftags&post=84446"}],"curies":[{"name":"wp","href":"https:\/\/api.w.org\/{rel}","templated":true}]}}