{"id":84449,"date":"2025-09-09T12:30:00","date_gmt":"2025-09-09T18:30:00","guid":{"rendered":"https:\/\/zonaroja.com.mx\/?p=84449"},"modified":"2025-09-09T08:09:17","modified_gmt":"2025-09-09T14:09:17","slug":"opinion-suneo-gato-por-liebre","status":"publish","type":"post","link":"https:\/\/zonaroja.com.mx\/?p=84449","title":{"rendered":"Opini\u00f3n. SUNEO: gato por liebre\u00a0"},"content":{"rendered":"\n<p>Isidoro Yescas*<\/p>\n\n\n\n<p>La desaparici\u00f3n del SUNEO y los decretos emitidos por el jefe del Poder Ejecutivo estatal&nbsp;para romper con la&nbsp;estructura centralizada de las universidades regionales mediante un paquete de decretos&nbsp;(publicados&nbsp;el 29 de agosto&nbsp;en el Peri\u00f3dico Oficial)&nbsp;es apenas el inicio de un proceso de captura pol\u00edtico-administrativa, disfrazada de descentralizaci\u00f3n,&nbsp;de un&nbsp;sistema de educaci\u00f3n superior de muy alto nivel &nbsp;que por m\u00e1s de 30 a\u00f1os lo sostuvo su fundador y rector vitalicio Modesto Seara V\u00e1squez.<\/p>\n\n\n\n<p>Tal como lo escrib\u00ed en agosto del 2022, cuando Seara V\u00e1squez puso&nbsp;punto final&nbsp;a su largo rectorado, las universidades agrupadas en el SUNEO (una entelequia sin fundamento legal), las 10 universidades regionales&nbsp;creadas en la d\u00e9cada de los noventas&nbsp;muy pronto se convirtieron en un referente de excelencia acad\u00e9mica a nivel nacional e internacional, \u201cno as\u00ed en lo que hace a su legislaci\u00f3n y estructura de gobierno, caracterizado por un control vertical, unipersonal y autoritario\u201d (&nbsp;SUNEO: fortalezas y debilidades\u201d, en \u201cNoticias\u201d, agosto 29 del 2022).<\/p>\n\n\n\n<p>Aunque desde el inicio del gobierno&nbsp;jarista hubo se\u00f1ales de tomar el control de estas universidades, voces sensatas dentro del gabinete&nbsp;jarista&nbsp;aconsejaron esperar mejores tiempos que, por lo visto, ya llegaron pues a punto de cerrar el primer tramo del sexenio se vino el albazo desde el Palacio&nbsp;Primaveral .&nbsp;&nbsp;<\/p>\n\n\n\n<p>Aunque es un paquete de decretos, uno para cada universidad, el contenido, formato y fecha de publicaci\u00f3n en el Peri\u00f3dico Oficial es el mismo: 29 de agosto,&nbsp;a\u00fan&nbsp;cuando &nbsp;se&nbsp;difundi\u00f3 hasta&nbsp;una semana despu\u00e9s, cuando ya se hab\u00eda operado la renuncia de la rectora&nbsp;\u00c1ngeles Peralta Arias.&nbsp;<\/p>\n\n\n\n<p>Tomados por sorpresa, hasta ahora solamente los trabajadores (as) de la Universidad de la Sierra Sur (Unsis) han reaccionado a&nbsp;los&nbsp;decretazos&nbsp;al advertir sobre &nbsp;los riesgos que corren en su estabilidad laboral, pero &nbsp;tambi\u00e9n sobre el nuevo modelo de administraci\u00f3n&nbsp;y toma de decisiones,&nbsp;igual de centralizado que el que estaba vigente,&nbsp;igual de antidemocr\u00e1tico, pues para nada fue consultada la comunidad universitaria,&nbsp;pero eso s\u00ed,&nbsp;con nuevos actores que poco tienen&nbsp;que ver&nbsp;con un proyecto acad\u00e9mico alterno al vigente:&nbsp;cada rector o rectora ser\u00e1 designado&nbsp;( y removido)&nbsp;por el gobernador del estado&nbsp;y&nbsp;la m\u00e1xima autoridad en materia acad\u00e9mica, administrativa y laboral ser\u00e1 una Junta de Gobierno&nbsp;integrada en forma apabullante por titulares de la administraci\u00f3n p\u00fablica estatal del \u00e1rea educativa y administrativa, para as\u00ed sustituir al Consejo Acad\u00e9mico, una figura colegiada &nbsp;en la que descans\u00f3 el \u00e9xito del modelo&nbsp;searista.<\/p>\n\n\n\n<p>El golpe ya est\u00e1 dado y, de acuerdo a lo establecido en los decretos, en un plazo no mayor a tres meses&nbsp;la Junta de Gobierno deber\u00e1&nbsp;aprobar&nbsp;una nueva estructura org\u00e1nica de las 10 universidades regionales,&nbsp;que podr\u00eda implicar despidos masivos, por un lado, y contrataci\u00f3n de nuevo personal, por el otro.&nbsp;<\/p>\n\n\n\n<p>Todo lo anterior, si antes del vencimiento de ese plazo, estudiantes, planta docente y personal administrativo no se movilizan para impedir que una improvisada &nbsp;burocracia identificada con el gobierno primaveral&nbsp;tome el control de un espacio eminentemente acad\u00e9mico para convertirlo&nbsp;en un coto de poder&nbsp;pol\u00edtico-&nbsp;partidista.<\/p>\n\n\n\n<p>*Maestro en Sociolog\u00eda y periodista.<\/p>\n\n\n\n<p>X:@YescasIsidoro &nbsp; &nbsp;&nbsp;<\/p>\n\n\n\n<p>Faceboock: Isidoro Yescas<\/p>\n","protected":false},"excerpt":{"rendered":"<p>Isidoro Yescas* La desaparici\u00f3n del SUNEO y los decretos emitidos por el jefe del Poder&hellip;<\/p>\n","protected":false},"author":2,"featured_media":78328,"comment_status":"closed","ping_status":"open","sticky":false,"template":"","format":"standard","meta":{"_lmt_disableupdate":"","_lmt_disable":"","_jetpack_memberships_contains_paid_content":false,"footnotes":""},"categories":[456,109],"tags":[3998],"class_list":["post-84449","post","type-post","status-publish","format-standard","has-post-thumbnail","hentry","category-columna","category-minuto-a-minuto","tag-isidoro-yescas-martinez"],"jetpack_featured_media_url":"https:\/\/zonaroja.com.mx\/wp-content\/uploads\/2025\/03\/Isidoro-Yescas-Martinez.jpg","jetpack_sharing_enabled":true,"_links":{"self":[{"href":"https:\/\/zonaroja.com.mx\/index.php?rest_route=\/wp\/v2\/posts\/84449","targetHints":{"allow":["GET"]}}],"collection":[{"href":"https:\/\/zonaroja.com.mx\/index.php?rest_route=\/wp\/v2\/posts"}],"about":[{"href":"https:\/\/zonaroja.com.mx\/index.php?rest_route=\/wp\/v2\/types\/post"}],"author":[{"embeddable":true,"href":"https:\/\/zonaroja.com.mx\/index.php?rest_route=\/wp\/v2\/users\/2"}],"replies":[{"embeddable":true,"href":"https:\/\/zonaroja.com.mx\/index.php?rest_route=%2Fwp%2Fv2%2Fcomments&post=84449"}],"version-history":[{"count":1,"href":"https:\/\/zonaroja.com.mx\/index.php?rest_route=\/wp\/v2\/posts\/84449\/revisions"}],"predecessor-version":[{"id":84450,"href":"https:\/\/zonaroja.com.mx\/index.php?rest_route=\/wp\/v2\/posts\/84449\/revisions\/84450"}],"wp:featuredmedia":[{"embeddable":true,"href":"https:\/\/zonaroja.com.mx\/index.php?rest_route=\/wp\/v2\/media\/78328"}],"wp:attachment":[{"href":"https:\/\/zonaroja.com.mx\/index.php?rest_route=%2Fwp%2Fv2%2Fmedia&parent=84449"}],"wp:term":[{"taxonomy":"category","embeddable":true,"href":"https:\/\/zonaroja.com.mx\/index.php?rest_route=%2Fwp%2Fv2%2Fcategories&post=84449"},{"taxonomy":"post_tag","embeddable":true,"href":"https:\/\/zonaroja.com.mx\/index.php?rest_route=%2Fwp%2Fv2%2Ftags&post=84449"}],"curies":[{"name":"wp","href":"https:\/\/api.w.org\/{rel}","templated":true}]}}