{"id":84451,"date":"2025-09-09T13:30:00","date_gmt":"2025-09-09T19:30:00","guid":{"rendered":"https:\/\/zonaroja.com.mx\/?p=84451"},"modified":"2025-09-09T08:11:11","modified_gmt":"2025-09-09T14:11:11","slug":"se-suma-oaxaca-a-estrategias-para-consolidar-a-mexico-como-destino-turistico","status":"publish","type":"post","link":"https:\/\/zonaroja.com.mx\/?p=84451","title":{"rendered":"Se suma Oaxaca a estrategias para consolidar a M\u00e9xico como destino tur\u00edstico"},"content":{"rendered":"\n<p>Redacci\u00f3n\/Zona Roja.<\/p>\n\n\n\n<p>Oaxaca, Oax., a 9 de septiembre de 2025.- Oaxaca contribuye de manera activa al fortalecimiento del turismo en M\u00e9xico y se suma a las estrategias para consolidar a este sector; as\u00ed se estableci\u00f3 en los acuerdos tomados durante la 63\u00aa Asamblea de la Uni\u00f3n de Secretarias y Secretarios de Turismo en M\u00e9xico A.C. (Asetur).<\/p>\n\n\n\n<p>Durante la conferencia de prensa virtual encabezada por el presidente del organismo y responsable de Turismo en Quintana Roo, Bernardo Cueto Riestra; la titular de la Secretar\u00eda de Turismo (Sectur Oaxaca), Saymi Pineda Velasco present\u00f3 los principales acuerdos de esta asamblea celebrada el pasado 2 de septiembre en el estado de Zacatecas.<\/p>\n\n\n\n<p>Destac\u00f3 la participaci\u00f3n de todas las entidades para generar estrategias conjuntas que potencien la presencia internacional de M\u00e9xico como destino tur\u00edstico y consolidar al sector como motor de desarrollo econ\u00f3mico y bienestar social.<\/p>\n\n\n\n<p>Entre estas resoluciones, detall\u00f3, se aprob\u00f3 la creaci\u00f3n de dos mesas de trabajo especializadas, las cuales estar\u00e1n enfocadas al turismo de cruceros y la promoci\u00f3n de la gastronom\u00eda mexicana en la Gu\u00eda Michelin; con la finalidad de generar diagn\u00f3sticos, compartir experiencias y dise\u00f1ar acciones coordinadas con el sector p\u00fablico, privado y acad\u00e9mico.<\/p>\n\n\n\n<p>En seguimiento a uno de los acuerdos tomados en la asamblea llevada a cabo en la ciudad de Oaxaca el pasado mes de julio, se presentaron los avances de un diagn\u00f3stico tur\u00edstico que incluy\u00f3 un an\u00e1lisis de las tendencias nacionales e internacionales del sector.<\/p>\n\n\n\n<p>Adem\u00e1s, se incluy\u00f3 una conversaci\u00f3n digital y percepci\u00f3n p\u00fablica sobre turismo, el posicionamiento de Asetur y sus liderazgos, as\u00ed como recomendaciones para fortalecer la comunicaci\u00f3n estrat\u00e9gica.<\/p>\n\n\n\n<p>Pineda Velasco se\u00f1al\u00f3 que con estos esfuerzos, Oaxaca participa dentro de Asetur con el impulso de pol\u00edticas y acciones que transformen al turismo en un generador de oportunidades y bienestar para las comunidades del estado y del pa\u00eds.<\/p>\n","protected":false},"excerpt":{"rendered":"<p>Redacci\u00f3n\/Zona Roja. Oaxaca, Oax., a 9 de septiembre de 2025.- Oaxaca contribuye de manera activa&hellip;<\/p>\n","protected":false},"author":2,"featured_media":83165,"comment_status":"closed","ping_status":"open","sticky":false,"template":"","format":"standard","meta":{"_lmt_disableupdate":"","_lmt_disable":"","_jetpack_memberships_contains_paid_content":false,"footnotes":""},"categories":[109,46],"tags":[2714],"class_list":["post-84451","post","type-post","status-publish","format-standard","has-post-thumbnail","hentry","category-minuto-a-minuto","category-zona-blanca","tag-saymi-pineda-velasco"],"jetpack_featured_media_url":"https:\/\/zonaroja.com.mx\/wp-content\/uploads\/2025\/08\/Saymi-Pineda-Velasco.jpg","jetpack_sharing_enabled":true,"_links":{"self":[{"href":"https:\/\/zonaroja.com.mx\/index.php?rest_route=\/wp\/v2\/posts\/84451","targetHints":{"allow":["GET"]}}],"collection":[{"href":"https:\/\/zonaroja.com.mx\/index.php?rest_route=\/wp\/v2\/posts"}],"about":[{"href":"https:\/\/zonaroja.com.mx\/index.php?rest_route=\/wp\/v2\/types\/post"}],"author":[{"embeddable":true,"href":"https:\/\/zonaroja.com.mx\/index.php?rest_route=\/wp\/v2\/users\/2"}],"replies":[{"embeddable":true,"href":"https:\/\/zonaroja.com.mx\/index.php?rest_route=%2Fwp%2Fv2%2Fcomments&post=84451"}],"version-history":[{"count":1,"href":"https:\/\/zonaroja.com.mx\/index.php?rest_route=\/wp\/v2\/posts\/84451\/revisions"}],"predecessor-version":[{"id":84452,"href":"https:\/\/zonaroja.com.mx\/index.php?rest_route=\/wp\/v2\/posts\/84451\/revisions\/84452"}],"wp:featuredmedia":[{"embeddable":true,"href":"https:\/\/zonaroja.com.mx\/index.php?rest_route=\/wp\/v2\/media\/83165"}],"wp:attachment":[{"href":"https:\/\/zonaroja.com.mx\/index.php?rest_route=%2Fwp%2Fv2%2Fmedia&parent=84451"}],"wp:term":[{"taxonomy":"category","embeddable":true,"href":"https:\/\/zonaroja.com.mx\/index.php?rest_route=%2Fwp%2Fv2%2Fcategories&post=84451"},{"taxonomy":"post_tag","embeddable":true,"href":"https:\/\/zonaroja.com.mx\/index.php?rest_route=%2Fwp%2Fv2%2Ftags&post=84451"}],"curies":[{"name":"wp","href":"https:\/\/api.w.org\/{rel}","templated":true}]}}