{"id":84453,"date":"2025-09-09T17:57:47","date_gmt":"2025-09-09T23:57:47","guid":{"rendered":"https:\/\/zonaroja.com.mx\/?p=84453"},"modified":"2025-09-09T17:57:47","modified_gmt":"2025-09-09T23:57:47","slug":"exigen-auditoria-a-la-administracion-de-berenice-ramirez-jimenez-en-el-poder-judicial","status":"publish","type":"post","link":"https:\/\/zonaroja.com.mx\/?p=84453","title":{"rendered":"Exigen auditor\u00eda a la administraci\u00f3n de Berenice Ram\u00edrez Jim\u00e9nez en el Poder Judicial&nbsp;"},"content":{"rendered":"\n<p>Lisbeth Mej\u00eda Reyes\/Zona Roja.&nbsp;<\/p>\n\n\n\n<p>Oaxaca, Oax., a 9 de septiembre de 2025.- Trabajadoras y trabajadores de confianza del Tribunal Superior de Justicia del Estado de Oaxaca exigieron a la nueva titular, \u00c9rika Mar\u00eda Rodr\u00edguez Rodr\u00edguez, auditar la administraci\u00f3n de su antecesora, Berenice Ram\u00edrez Jim\u00e9nez, y no reciclar a los directivos.&nbsp;<\/p>\n\n\n\n<p>A trav\u00e9s de un pronunciamiento, denunciaron que, contrario a su discurso, Ram\u00edrez Jim\u00e9nez dej\u00f3 endeudado al Tribunal, una situaci\u00f3n que \u00abno ser\u00e1 posible de superar en los siguientes a\u00f1os\u00bb y por la cual \u00ablos \u00fanicos afectados, como siempre, ser\u00e1n los trabajadores de confianza.&nbsp;<\/p>\n\n\n\n<p>\u00abExigimos, no solo como trabajadores sino tambi\u00e9n como parte de la sociedad, al pleno del Tribunal Superior de Justicia de Oaxaca, su intervenci\u00f3n para lograr la auditor\u00eda a la administraci\u00f3n de Berenice Ram\u00edrez Jim\u00e9nez, siendo su obligaci\u00f3n como m\u00e1ximo \u00f3rgano del Poder Judicial del Estado\u00bb, externaron en el documento.<\/p>\n\n\n\n<p>La denuncia sucede a la de las \u00faltimas semanas de agosto, cuando personal de confianza acus\u00f3 que previo la salida de Ram\u00edrez Jim\u00e9nez para ocupar un nuevo cargo en el Poder Judicial les exigieron sus renuncias. Sin embargo, se opusieron a esto al considerarlo una arbitrariedad.<\/p>\n\n\n\n<p>Entonces, denunciaron que ante el cambio de la presidencia del \u00f3rgano el director de P laneaci\u00f3n, \u00c9dgar Rogelio Estrada Ruiz, estaba obligando a jefes de departamentos y de oficina adscritos a las direcciones a firmar sus renuncias. Esto como parte del proceso de entrega-recepci\u00f3n por el relevo de la titularidad del tribunal tras las elecciones del pasado 1 de junio del Poder Judicial.&nbsp;<\/p>\n\n\n\n<p>Sin embargo, aclararon que estas renuncias \u00fanicamente aplican para las y los directores de las diferentes \u00e1reas del tribunal, por ser personal de \u00abmucha confianza\u00bb contratado por el tiempo de la administraci\u00f3n de Ram\u00edrez Jim\u00e9nez. No as\u00ed para otros empleados de confianza que llevan m\u00e1s a\u00f1os laborando y que ya estaban antes de la llegada de la magistrada Berenice.<\/p>\n","protected":false},"excerpt":{"rendered":"<p>Lisbeth Mej\u00eda Reyes\/Zona Roja.&nbsp; Oaxaca, Oax., a 9 de septiembre de 2025.- Trabajadoras y trabajadores&hellip;<\/p>\n","protected":false},"author":2,"featured_media":76185,"comment_status":"closed","ping_status":"open","sticky":false,"template":"","format":"standard","meta":{"_lmt_disableupdate":"","_lmt_disable":"","_jetpack_memberships_contains_paid_content":false,"footnotes":""},"categories":[109,47],"tags":[],"class_list":["post-84453","post","type-post","status-publish","format-standard","has-post-thumbnail","hentry","category-minuto-a-minuto","category-zona-gris"],"jetpack_featured_media_url":"https:\/\/zonaroja.com.mx\/wp-content\/uploads\/2025\/01\/Poder-Judicial-de-Oaxaca-Tribunal-Superior.jpg","jetpack_sharing_enabled":true,"_links":{"self":[{"href":"https:\/\/zonaroja.com.mx\/index.php?rest_route=\/wp\/v2\/posts\/84453","targetHints":{"allow":["GET"]}}],"collection":[{"href":"https:\/\/zonaroja.com.mx\/index.php?rest_route=\/wp\/v2\/posts"}],"about":[{"href":"https:\/\/zonaroja.com.mx\/index.php?rest_route=\/wp\/v2\/types\/post"}],"author":[{"embeddable":true,"href":"https:\/\/zonaroja.com.mx\/index.php?rest_route=\/wp\/v2\/users\/2"}],"replies":[{"embeddable":true,"href":"https:\/\/zonaroja.com.mx\/index.php?rest_route=%2Fwp%2Fv2%2Fcomments&post=84453"}],"version-history":[{"count":1,"href":"https:\/\/zonaroja.com.mx\/index.php?rest_route=\/wp\/v2\/posts\/84453\/revisions"}],"predecessor-version":[{"id":84454,"href":"https:\/\/zonaroja.com.mx\/index.php?rest_route=\/wp\/v2\/posts\/84453\/revisions\/84454"}],"wp:featuredmedia":[{"embeddable":true,"href":"https:\/\/zonaroja.com.mx\/index.php?rest_route=\/wp\/v2\/media\/76185"}],"wp:attachment":[{"href":"https:\/\/zonaroja.com.mx\/index.php?rest_route=%2Fwp%2Fv2%2Fmedia&parent=84453"}],"wp:term":[{"taxonomy":"category","embeddable":true,"href":"https:\/\/zonaroja.com.mx\/index.php?rest_route=%2Fwp%2Fv2%2Fcategories&post=84453"},{"taxonomy":"post_tag","embeddable":true,"href":"https:\/\/zonaroja.com.mx\/index.php?rest_route=%2Fwp%2Fv2%2Ftags&post=84453"}],"curies":[{"name":"wp","href":"https:\/\/api.w.org\/{rel}","templated":true}]}}