{"id":84455,"date":"2025-09-09T19:20:09","date_gmt":"2025-09-10T01:20:09","guid":{"rendered":"https:\/\/zonaroja.com.mx\/?p=84455"},"modified":"2025-09-09T19:20:11","modified_gmt":"2025-09-10T01:20:11","slug":"ex-funcionario-estatal-el-ejecutado-a-balazos-en-san-jacinto-amilpas","status":"publish","type":"post","link":"https:\/\/zonaroja.com.mx\/?p=84455","title":{"rendered":"Ex funcionario estatal el ejecutado a balazos en San Jacinto Amilpas"},"content":{"rendered":"\n<p>Raymundo Morales\/Zona Roja.<\/p>\n\n\n\n<p>Oaxaca, Oax., a 9 de septiembre de 2025.- Como Gustavo S. R., de 43 a\u00f1os de edad y ex funcionario de la Secretar\u00eda de Movilidad del gobierno de Oaxaca, fue identificada la persona ejecutada hoy en el municipio San Jacinto Amilpas.<\/p>\n\n\n\n<p>De acuerdo con los reportes preliminares, el crimen ocurri\u00f3 poco despu\u00e9s de las 09:00 horas en la calle Azcapotzalco de la colonia Azteca, cuando quien fuera hasta el a\u00f1o pasado director de Multas y Sanciones sal\u00eda de su domicilio.<\/p>\n\n\n\n<p>Sujetos armados se acercaron y le dispararon de manera directa en el interior de su veh\u00edculo marca Chevrolet con placas de circulaci\u00f3n THX-418-A de Oaxaca.<\/p>\n\n\n\n<p>Param\u00e9dicos de la Cruz Roja Mexicana arribaron al sitio para brindar los primeros auxilios, pero corroboraron que perdi\u00f3 la vida debido a los m\u00faltiples impactos de arma de fuego.<\/p>\n\n\n\n<p>En un comunicado, la Fiscal\u00eda General del Estado de Oaxaca (FGEO) indic\u00f3 que recaba los primeros datos y evidencias en el lugar de los hechos, luego de tomar conocimiento del reporte de una persona del sexo masculino sin vida.<\/p>\n\n\n\n<p>\u201cUn equipo multidisciplinario de la Fiscal\u00eda de Oaxaca lleva a cabo los trabajos iniciales de investigaci\u00f3n ministerial, a trav\u00e9s de la Fiscal\u00eda Especializada para la Atenci\u00f3n a Delitos de Alto Impacto, mientras que, un grupo de peritos realizan los trabajos en ciencia forense para fortalecer las indagatorias en torno al caso\u201d.<\/p>\n\n\n\n<p>Expuso que, por los hechos de esta ma\u00f1ana se abri\u00f3 la carpeta de investigaci\u00f3n 24379\/UEIH\/2025.<\/p>\n\n\n\n<figure class=\"wp-block-embed is-type-rich is-provider-twitter wp-block-embed-twitter\"><div class=\"wp-block-embed__wrapper\">\n<div class=\"twitter-tweet\"><blockquote class=\"twitter-tweet\" data-lang=\"es\"><p lang=\"es\" dir=\"ltr\"><a href=\"https:\/\/twitter.com\/hashtag\/%C3%9AltimoMinuto?src=hash&amp;ref_src=twsrc%5Etfw\">#\u00daltimoMinuto<\/a> <br>Como Gustavo S. R., ex funcionario de la <a href=\"https:\/\/twitter.com\/SEMOVI_GobOax?ref_src=twsrc%5Etfw\">@SEMOVI_GobOax<\/a>, fue identificada la persona ejecutada a balazos esta ma\u00f1ana en el interior de su veh\u00edculo, en la colonia Azteca del municipio de San Jacinto Amilpas, conurbado a la capital oaxaque\u00f1a. <a href=\"https:\/\/t.co\/DvcUz2gzk1\">pic.twitter.com\/DvcUz2gzk1<\/a><\/p>&mdash; Zona Roja Oaxaca (@ZonaRoja_Oaxaca) <a href=\"https:\/\/twitter.com\/ZonaRoja_Oaxaca\/status\/1965485693196734611?ref_src=twsrc%5Etfw\">9 de septiembre de 2025<\/a><\/blockquote><\/div>\n<\/div><\/figure>\n","protected":false},"excerpt":{"rendered":"<p>Raymundo Morales\/Zona Roja. Oaxaca, Oax., a 9 de septiembre de 2025.- Como Gustavo S. R.,&hellip;<\/p>\n","protected":false},"author":2,"featured_media":84456,"comment_status":"closed","ping_status":"open","sticky":false,"template":"","format":"standard","meta":{"_lmt_disableupdate":"","_lmt_disable":"","_jetpack_memberships_contains_paid_content":false,"footnotes":""},"categories":[109,51],"tags":[77],"class_list":["post-84455","post","type-post","status-publish","format-standard","has-post-thumbnail","hentry","category-minuto-a-minuto","category-zona-roja","tag-san-jacinto-amilpas"],"jetpack_featured_media_url":"https:\/\/zonaroja.com.mx\/wp-content\/uploads\/2025\/09\/Ejecutado-San-Jacinto-Amilpas.jpg","jetpack_sharing_enabled":true,"_links":{"self":[{"href":"https:\/\/zonaroja.com.mx\/index.php?rest_route=\/wp\/v2\/posts\/84455","targetHints":{"allow":["GET"]}}],"collection":[{"href":"https:\/\/zonaroja.com.mx\/index.php?rest_route=\/wp\/v2\/posts"}],"about":[{"href":"https:\/\/zonaroja.com.mx\/index.php?rest_route=\/wp\/v2\/types\/post"}],"author":[{"embeddable":true,"href":"https:\/\/zonaroja.com.mx\/index.php?rest_route=\/wp\/v2\/users\/2"}],"replies":[{"embeddable":true,"href":"https:\/\/zonaroja.com.mx\/index.php?rest_route=%2Fwp%2Fv2%2Fcomments&post=84455"}],"version-history":[{"count":1,"href":"https:\/\/zonaroja.com.mx\/index.php?rest_route=\/wp\/v2\/posts\/84455\/revisions"}],"predecessor-version":[{"id":84457,"href":"https:\/\/zonaroja.com.mx\/index.php?rest_route=\/wp\/v2\/posts\/84455\/revisions\/84457"}],"wp:featuredmedia":[{"embeddable":true,"href":"https:\/\/zonaroja.com.mx\/index.php?rest_route=\/wp\/v2\/media\/84456"}],"wp:attachment":[{"href":"https:\/\/zonaroja.com.mx\/index.php?rest_route=%2Fwp%2Fv2%2Fmedia&parent=84455"}],"wp:term":[{"taxonomy":"category","embeddable":true,"href":"https:\/\/zonaroja.com.mx\/index.php?rest_route=%2Fwp%2Fv2%2Fcategories&post=84455"},{"taxonomy":"post_tag","embeddable":true,"href":"https:\/\/zonaroja.com.mx\/index.php?rest_route=%2Fwp%2Fv2%2Ftags&post=84455"}],"curies":[{"name":"wp","href":"https:\/\/api.w.org\/{rel}","templated":true}]}}