{"id":84458,"date":"2025-09-09T20:34:29","date_gmt":"2025-09-10T02:34:29","guid":{"rendered":"https:\/\/zonaroja.com.mx\/?p=84458"},"modified":"2025-09-09T20:34:31","modified_gmt":"2025-09-10T02:34:31","slug":"pide-edil-ray-chagoya-al-congreso-aval-para-construir-oficinas","status":"publish","type":"post","link":"https:\/\/zonaroja.com.mx\/?p=84458","title":{"rendered":"Pide edil Ray Chagoya al Congreso aval para construir oficinas\u00a0"},"content":{"rendered":"\n<p>Lisbeth Mej\u00eda Reyes\/Zona Roja.<\/p>\n\n\n\n<p>Oaxaca, Oax., a 9 de septiembre de 2025.- El proyecto para la construcci\u00f3n del Centro de Servicios Vecinales (Cesevi) de Oaxaca de Ju\u00e1rez est\u00e1 en an\u00e1lisis del Congreso local y ser\u00e1 \u00e9ste el que respalde o no la propuesta del ayuntamiento para concretar el inmueble, inform\u00f3 este martes el presidente municipal, Raymundo Chagoya Villanueva.<\/p>\n\n\n\n<p>El proyecto para concentrar las oficinas municipales fue presentado y aprobado inicialmente por el Cabildo el pasado 5 de agosto. Sin embargo, para su concreci\u00f3n requiere del respaldo de la Legislatura, pues se trata de un inmueble para el que se contempla una inversi\u00f3n particular de al menos 400 millones de pesos y una operaci\u00f3n bajo el esquema de concesi\u00f3n (por 20 a\u00f1os, aproximadamente) para que despu\u00e9s sea patrimonio municipal.<\/p>\n\n\n\n<p>El Cesevi se prev\u00e9 construir en el predio de la calle Belisario Dom\u00ednguez 920, en la colonia Reforma, el cual fue donado por el gobierno estatal al ayuntamiento en el 2016. Por ahora, ah\u00ed hay un inmueble que alberg\u00f3 el Instituto de la Juventud.<\/p>\n\n\n\n<p>El 5 de agosto, el Cabildo aprob\u00f3 la demolici\u00f3n del esa construcci\u00f3n, debido a los da\u00f1os estructurales y como parte de los pasos previos al proyecto del Cesevi.<\/p>\n\n\n\n<p>Este 9 de septiembre, el Cabildo tambi\u00e9n anul\u00f3 el acuerdo de noviembre de 2018 por el que este predio hab\u00eda sido donado al Fondo de Pensiones.&nbsp;<\/p>\n\n\n\n<p>En la conferencia semanal, el presidente municipal, Raymundo Chagoya Villanueva, se\u00f1al\u00f3 que el Cesevi \u00abser\u00e1 un proyecto muy generoso\u00bb si se logra concretar en esta administraci\u00f3n municipal, luego de que se ha contemplado hacer una ciudad administrativa municipal en otros trienios.<\/p>\n\n\n\n<p>\u00abDe nuestra parte hay una atenci\u00f3n y seguimiento puntual al tema. Ahorita est\u00e1 el tema en el congreso, queremos avanzar y hemos sido muy claros con las y los legisladores: se fortalece al municipio de Oaxaca de Ju\u00e1rez, se le deja un patrimonio.&nbsp;<\/p>\n\n\n\n<p>\u201cEs el \u00fanico esquema como se puede realizar (a trav\u00e9s de una concesi\u00f3n), de otra manera nunca se va a hacer y por eso nunca se ha hecho. Si se hace, ser\u00e1 una gran noticia, un gran beneficio para Oaxaca de Ju\u00e1rez, lo tendremos que terminar en este periodo. Si no se hace, seguimos con otros temas\u00bb.<\/p>\n\n\n\n<p>Sobre el mecanismo para su construcci\u00f3n, aclar\u00f3 que se licitar\u00e1 para que una empresa particular especialista en el tema lo construya con sus recursos o con un financiamiento.<\/p>\n\n\n\n<p>\u00abEl municipio no se endeuda para nada, el municipio solo da la concesi\u00f3n. La empresa lo construye o lo hace con recursos propios y de ah\u00ed lo que el municipio pagaba de renta ahora se lo paga a la empresa por un periodo y al final de la concesi\u00f3n el bien pasa de regreso al municipio\u00bb, expuso al recordar que actualmente se tienen 29 inmuebles rentados para las oficinas municipales y que representan m\u00e1s de seis millones de pesos en pagos mensuales.<\/p>\n\n\n\n<p>Con la concesi\u00f3n, dijo, el ayuntamiento pagar\u00e1 alrededor de cinco millones mensuales por un periodo y despu\u00e9s el inmueble ser\u00e1 propiedad municipal.<\/p>\n\n\n\n<p>De los 400 millones de pesos que se estiman como inversi\u00f3n para construir el Cesevi ser\u00e1n desembolsados por la constructora, reiter\u00f3 el edil&#8230; \u00abY la empresa cobra con las rentas, que es la concesi\u00f3n que se le da. El municipio no gasta absolutamente nada de esos 400 millones de pesos\u00bb.<\/p>\n","protected":false},"excerpt":{"rendered":"<p>Lisbeth Mej\u00eda Reyes\/Zona Roja. Oaxaca, Oax., a 9 de septiembre de 2025.- El proyecto para&hellip;<\/p>\n","protected":false},"author":2,"featured_media":84459,"comment_status":"closed","ping_status":"open","sticky":false,"template":"","format":"standard","meta":{"_lmt_disableupdate":"","_lmt_disable":"","_jetpack_memberships_contains_paid_content":false,"footnotes":""},"categories":[109,47],"tags":[4403],"class_list":["post-84458","post","type-post","status-publish","format-standard","has-post-thumbnail","hentry","category-minuto-a-minuto","category-zona-gris","tag-ray-chagoya"],"jetpack_featured_media_url":"https:\/\/zonaroja.com.mx\/wp-content\/uploads\/2025\/09\/Raymundo-Chagoya-conferencia.jpeg","jetpack_sharing_enabled":true,"_links":{"self":[{"href":"https:\/\/zonaroja.com.mx\/index.php?rest_route=\/wp\/v2\/posts\/84458","targetHints":{"allow":["GET"]}}],"collection":[{"href":"https:\/\/zonaroja.com.mx\/index.php?rest_route=\/wp\/v2\/posts"}],"about":[{"href":"https:\/\/zonaroja.com.mx\/index.php?rest_route=\/wp\/v2\/types\/post"}],"author":[{"embeddable":true,"href":"https:\/\/zonaroja.com.mx\/index.php?rest_route=\/wp\/v2\/users\/2"}],"replies":[{"embeddable":true,"href":"https:\/\/zonaroja.com.mx\/index.php?rest_route=%2Fwp%2Fv2%2Fcomments&post=84458"}],"version-history":[{"count":1,"href":"https:\/\/zonaroja.com.mx\/index.php?rest_route=\/wp\/v2\/posts\/84458\/revisions"}],"predecessor-version":[{"id":84460,"href":"https:\/\/zonaroja.com.mx\/index.php?rest_route=\/wp\/v2\/posts\/84458\/revisions\/84460"}],"wp:featuredmedia":[{"embeddable":true,"href":"https:\/\/zonaroja.com.mx\/index.php?rest_route=\/wp\/v2\/media\/84459"}],"wp:attachment":[{"href":"https:\/\/zonaroja.com.mx\/index.php?rest_route=%2Fwp%2Fv2%2Fmedia&parent=84458"}],"wp:term":[{"taxonomy":"category","embeddable":true,"href":"https:\/\/zonaroja.com.mx\/index.php?rest_route=%2Fwp%2Fv2%2Fcategories&post=84458"},{"taxonomy":"post_tag","embeddable":true,"href":"https:\/\/zonaroja.com.mx\/index.php?rest_route=%2Fwp%2Fv2%2Ftags&post=84458"}],"curies":[{"name":"wp","href":"https:\/\/api.w.org\/{rel}","templated":true}]}}