{"id":8446,"date":"2020-02-05T19:10:45","date_gmt":"2020-02-06T01:10:45","guid":{"rendered":"http:\/\/www.zonaroja.com.mx\/?p=8446"},"modified":"2020-02-05T19:10:50","modified_gmt":"2020-02-06T01:10:50","slug":"posponen-otra-vez-comparecencia-del-titular-de-la-sspo-en-el-congreso","status":"publish","type":"post","link":"https:\/\/zonaroja.com.mx\/?p=8446","title":{"rendered":"Posponen otra vez comparecencia del titular de la SSPO en el Congreso"},"content":{"rendered":"\n<p>Evlin Arag\u00f3n\/Zona Roja.<\/p>\n\n\n\n<p>Oaxaca de Ju\u00e1rez, Oax., 5 de febrero de\n2020.- Pese al clima de inseguridad y violencia que se registra en la capital y\nal interior del estado, diputadas y diputados de la 64 Legislatura aprobaron\npor mayor\u00eda de votos posponer de nueva cuenta la comparecencia del titular de\nla Secretar\u00eda de Seguridad P\u00fablica, Ra\u00fal Ernesto Salcedo Rosales.<\/p>\n\n\n\n<p>En sesi\u00f3n ordinaria, con 30 votos a\nfavor y s\u00f3lo uno en contra, del diputado por el Partido del Trabajo, C\u00e9sar\nMorales Ni\u00f1o, se determin\u00f3 que ser\u00e1 hasta el pr\u00f3ximo jueves 13 de febrero\ncuando el funcionario encargado de la seguridad en la entidad arribe al recinto\nlegislativo, tal y como lo propuso la Junta de Coordinaci\u00f3n Pol\u00edtica presidida\npor Horacio Sosa Villavicencio.<\/p>\n\n\n\n<p>La comparecencia del funcionario estaba\nprogramada desde el 30 de enero, sin embargo en sesi\u00f3n del 29 de enero, al\ninterior del pleno, se aprob\u00f3 se pospusiera para este viernes 7 de febrero,\nplazo que se volvi\u00f3 a mover el d\u00eda de hoy determinando que la presencia del\nfuncionario al Congreso sea hasta la semana pr\u00f3xima.<\/p>\n\n\n\n<p>El mismo 13 de febrero quedaron\nprogramadas las comparecencias del secretario de Medio Ambiente, Energ\u00edas y\nDesarrollo Sustentable y el director de Instituto Oaxaque\u00f1o Constructor de\nInfraestructura F\u00edsica Educativa, Samuel Gurri\u00f3n Mat\u00edas y Adolfo Maldonado\nFuentes, respectivamente.<\/p>\n\n\n\n<p>El incremento de la violencia y la\ninseguridad en la entidad oaxaque\u00f1a &#8211;por diferentes factores&#8211; ha sido una de\nlas principales denuncias realizadas por la ciudadan\u00eda y organizaciones\nsociales en los \u00faltimos d\u00edas.<\/p>\n\n\n\n<p>Sin embargo, las y los legisladores por\nmayor\u00eda de votos han determinado pedir cuentas al encargo de garantizar la\nseguridad en Oaxaca, hasta la pr\u00f3xima semana.<\/p>\n","protected":false},"excerpt":{"rendered":"<p>Evlin Arag\u00f3n\/Zona Roja. Oaxaca de Ju\u00e1rez, Oax., 5 de febrero de 2020.- Pese al clima&hellip;<\/p>\n","protected":false},"author":2,"featured_media":8447,"comment_status":"closed","ping_status":"open","sticky":false,"template":"","format":"standard","meta":{"_lmt_disableupdate":"","_lmt_disable":"","_jetpack_memberships_contains_paid_content":false,"footnotes":""},"categories":[109,47],"tags":[213],"class_list":["post-8446","post","type-post","status-publish","format-standard","has-post-thumbnail","hentry","category-minuto-a-minuto","category-zona-gris","tag-64-legislatura-de-oaxaca"],"jetpack_featured_media_url":"https:\/\/zonaroja.com.mx\/wp-content\/uploads\/2020\/02\/Congreso-del-Estado.jpeg","jetpack_sharing_enabled":true,"_links":{"self":[{"href":"https:\/\/zonaroja.com.mx\/index.php?rest_route=\/wp\/v2\/posts\/8446","targetHints":{"allow":["GET"]}}],"collection":[{"href":"https:\/\/zonaroja.com.mx\/index.php?rest_route=\/wp\/v2\/posts"}],"about":[{"href":"https:\/\/zonaroja.com.mx\/index.php?rest_route=\/wp\/v2\/types\/post"}],"author":[{"embeddable":true,"href":"https:\/\/zonaroja.com.mx\/index.php?rest_route=\/wp\/v2\/users\/2"}],"replies":[{"embeddable":true,"href":"https:\/\/zonaroja.com.mx\/index.php?rest_route=%2Fwp%2Fv2%2Fcomments&post=8446"}],"version-history":[{"count":1,"href":"https:\/\/zonaroja.com.mx\/index.php?rest_route=\/wp\/v2\/posts\/8446\/revisions"}],"predecessor-version":[{"id":8448,"href":"https:\/\/zonaroja.com.mx\/index.php?rest_route=\/wp\/v2\/posts\/8446\/revisions\/8448"}],"wp:featuredmedia":[{"embeddable":true,"href":"https:\/\/zonaroja.com.mx\/index.php?rest_route=\/wp\/v2\/media\/8447"}],"wp:attachment":[{"href":"https:\/\/zonaroja.com.mx\/index.php?rest_route=%2Fwp%2Fv2%2Fmedia&parent=8446"}],"wp:term":[{"taxonomy":"category","embeddable":true,"href":"https:\/\/zonaroja.com.mx\/index.php?rest_route=%2Fwp%2Fv2%2Fcategories&post=8446"},{"taxonomy":"post_tag","embeddable":true,"href":"https:\/\/zonaroja.com.mx\/index.php?rest_route=%2Fwp%2Fv2%2Ftags&post=8446"}],"curies":[{"name":"wp","href":"https:\/\/api.w.org\/{rel}","templated":true}]}}