{"id":84461,"date":"2025-09-09T21:48:04","date_gmt":"2025-09-10T03:48:04","guid":{"rendered":"https:\/\/zonaroja.com.mx\/?p=84461"},"modified":"2025-09-09T21:48:59","modified_gmt":"2025-09-10T03:48:59","slug":"con-minima-oposicion-congreso-local-modifica-ley-de-revocacion-de-mandato","status":"publish","type":"post","link":"https:\/\/zonaroja.com.mx\/?p=84461","title":{"rendered":"Con m\u00ednima oposici\u00f3n, Congreso local modifica Ley de Revocaci\u00f3n de Mandato"},"content":{"rendered":"\n<p>Raymundo Morales\/Zona Roja.<\/p>\n\n\n\n<p>Oaxaca, Oax., a 9 de septiembre de 2025.- Con cuatro votos en contra y 34 votos a favor, el pleno del Congreso del Estado de Oaxaca aprob\u00f3 reformas a la Ley de Revocaci\u00f3n de Mandato.<\/p>\n\n\n\n<p>Lo anterior luego de una discusi\u00f3n de alrededor de tres horas, con m\u00ednima oposici\u00f3n, conformada por los tres diputados del Partido del Trabajo y una del Partido Movimiento Ciudadano.<\/p>\n\n\n\n<p>Principalmente Dante Monta\u00f1o y Alejandra Garc\u00eda Morl\u00e1n fueron quienes intervinieron en diversas ocasiones y que ademas interpusieron tres observaciones en lo particular, que fueron desechadas por los votos de la mayor\u00eda de los morenistas.<\/p>\n\n\n\n<p>Pugnaban adem\u00e1s porque se redujera al tres por ciento el m\u00ednimo de firmas del total del padr\u00f3n electoral que se requiere para solicitar la revocaci\u00f3n, lo cual qued\u00f3 como est\u00e1 establecido, que es del 10 por ciento.<\/p>\n\n\n\n<p>Las reformas, presentadas por el \u00fanico diputado del PRI, Javier Casique Z\u00e1rate \u2014quien se ausent\u00f3 de la sesi\u00f3n\u2014 consisten b\u00e1sicamente en la disminuci\u00f3n de los plazos tanto para la recolecci\u00f3n de firmas como para el proceso de votaci\u00f3n.<\/p>\n\n\n\n<p>Con la reforma aprobada por la 66 Legislatura, en los primeros diez d\u00edas de octubre de este a\u00f1o, el Instituto Estatal Electoral y de Participaci\u00f3n Ciudadana de Oaxaca emitir\u00e1 los formatos electr\u00f3nicos para la solicitud ciudadana.<\/p>\n\n\n\n<p>Desde ese momento los oaxaque\u00f1os en edad de votar podr\u00e1n solicitar que se realice el proceso de revocaci\u00f3n; durante el mes de diciembre el IEEPCO recibir\u00e1 y concentrar\u00e1 todas las solicitudes para verificar si se alcanza el 10 por ciento de la lista nominal y de la mitad de los municipios m\u00e1s uno.<\/p>\n\n\n\n<p>Si se cubren los requisitos, el Instituto Electoral emitir\u00e1 la convocatoria para la revocaci\u00f3n, que consistir\u00e1 en preguntar a los ciudadanos si est\u00e1n de acuerdo en que al titular del Ejecutivo se le revoque el mandato por p\u00e9rdida de confianza o siga hasta que termine su periodo.<\/p>\n\n\n\n<p>De ser as\u00ed, en el mes de enero de 2026 se estar\u00eda llevando la jornada de revocaci\u00f3n de mandato, seg\u00fan se detall\u00f3, al precisar que Oaxaca es el \u00fanico estado que se someter\u00e1 a dicho proceso democr\u00e1tico.<\/p>\n\n\n\n<p>Previo a ello, durante la discusi\u00f3n del dictamen, el coordinador de los diputados de Morena, Benjam\u00edn Viveros Montalvo, expuso que la reforma \u201cno surge de la improvisaci\u00f3n ni de los caprichos partidistas ni de grupos de intereses personales.<\/p>\n\n\n\n<p>\u201cSurge de un movimiento que lo encabeza un pol\u00edtico, un luchador social que camina al lado del pueblo\u201d, sostuvo en su mensaje.<\/p>\n\n\n\n<p>Recalco que Oaxaca tiene a un l\u00edder pol\u00edtico que camin\u00f3 durante muchos a\u00f1os, que camin\u00f3 con la ciudadan\u00eda y que los acompa\u00f1\u00f3 en sus luchas justas.<\/p>\n\n\n\n<p>\u201cEl que el d\u00eda de hoy estemos discutiendo, debatiendo, es una propuesta que acompa\u00f1amos y del cual fuimos parte.<\/p>\n\n\n\n<p>\u201cTodo lo que se diga de aquellos que solamente se aprovechan de coyunturas pol\u00edticas para poder sobresalir en este contexto pol\u00edtico, no sirve; el pueblo, la gente vot\u00f3 por nuestro movimiento, que es aut\u00e9ntico, puro, fuerte, que respalda la decisi\u00f3n que se tome\u201d, dijo.<\/p>\n\n\n\n<p>\u201cNosotros aqu\u00ed no venimos a cumplir un capricho de un pol\u00edtico, un capricho de un personaje que solamente sale en momentos coyunturales y cuando necesita sobresalir porque las c\u00e1maras y los reflectores ya no lo toman en cuenta\u201d, destac\u00f3 Viveros Montalvo.<\/p>\n\n\n\n<p>Al mediod\u00eda, unas cinco personas de un supuesto Comit\u00e9 Ciudadano de Revocaci\u00f3n de Mandato, identificados con el PT, pretendi\u00f3 ingresar al recinto parlamentario donde se sesionaban lo cual se les impidi\u00f3.<\/p>\n","protected":false},"excerpt":{"rendered":"<p>Raymundo Morales\/Zona Roja. Oaxaca, Oax., a 9 de septiembre de 2025.- Con cuatro votos en&hellip;<\/p>\n","protected":false},"author":2,"featured_media":84462,"comment_status":"closed","ping_status":"open","sticky":false,"template":"","format":"standard","meta":{"_lmt_disableupdate":"","_lmt_disable":"","_jetpack_memberships_contains_paid_content":false,"footnotes":""},"categories":[109,46],"tags":[303,4439],"class_list":["post-84461","post","type-post","status-publish","format-standard","has-post-thumbnail","hentry","category-minuto-a-minuto","category-zona-blanca","tag-congreso-del-estado-de-oaxaca","tag-ley-de-revocacion-de-mandato-oaxaca"],"jetpack_featured_media_url":"https:\/\/zonaroja.com.mx\/wp-content\/uploads\/2025\/09\/Sesion-Congreso-Oaxaca.jpg","jetpack_sharing_enabled":true,"_links":{"self":[{"href":"https:\/\/zonaroja.com.mx\/index.php?rest_route=\/wp\/v2\/posts\/84461","targetHints":{"allow":["GET"]}}],"collection":[{"href":"https:\/\/zonaroja.com.mx\/index.php?rest_route=\/wp\/v2\/posts"}],"about":[{"href":"https:\/\/zonaroja.com.mx\/index.php?rest_route=\/wp\/v2\/types\/post"}],"author":[{"embeddable":true,"href":"https:\/\/zonaroja.com.mx\/index.php?rest_route=\/wp\/v2\/users\/2"}],"replies":[{"embeddable":true,"href":"https:\/\/zonaroja.com.mx\/index.php?rest_route=%2Fwp%2Fv2%2Fcomments&post=84461"}],"version-history":[{"count":2,"href":"https:\/\/zonaroja.com.mx\/index.php?rest_route=\/wp\/v2\/posts\/84461\/revisions"}],"predecessor-version":[{"id":84464,"href":"https:\/\/zonaroja.com.mx\/index.php?rest_route=\/wp\/v2\/posts\/84461\/revisions\/84464"}],"wp:featuredmedia":[{"embeddable":true,"href":"https:\/\/zonaroja.com.mx\/index.php?rest_route=\/wp\/v2\/media\/84462"}],"wp:attachment":[{"href":"https:\/\/zonaroja.com.mx\/index.php?rest_route=%2Fwp%2Fv2%2Fmedia&parent=84461"}],"wp:term":[{"taxonomy":"category","embeddable":true,"href":"https:\/\/zonaroja.com.mx\/index.php?rest_route=%2Fwp%2Fv2%2Fcategories&post=84461"},{"taxonomy":"post_tag","embeddable":true,"href":"https:\/\/zonaroja.com.mx\/index.php?rest_route=%2Fwp%2Fv2%2Ftags&post=84461"}],"curies":[{"name":"wp","href":"https:\/\/api.w.org\/{rel}","templated":true}]}}