{"id":84465,"date":"2025-09-09T22:17:23","date_gmt":"2025-09-10T04:17:23","guid":{"rendered":"https:\/\/zonaroja.com.mx\/?p=84465"},"modified":"2025-09-09T22:17:27","modified_gmt":"2025-09-10T04:17:27","slug":"inauguran-mas-infraestructura-del-aeropuerto-internacional-de-puerto-escondido","status":"publish","type":"post","link":"https:\/\/zonaroja.com.mx\/?p=84465","title":{"rendered":"Inauguran m\u00e1s infraestructura del Aeropuerto Internacional de Puerto Escondido"},"content":{"rendered":"\n<p>Redacci\u00f3n\/Zona Roja.<\/p>\n\n\n\n<p>Oaxaca, Oax., a 9 de septiembre de 2025.- Como parte del trabajo conjunto entre las administraciones federal y estatal para fortalecer la infraestructura estrat\u00e9gica del pa\u00eds, el gobernador Salom\u00f3n Jara Cruz inaugur\u00f3 la cuarta posici\u00f3n de aviaci\u00f3n comercial y la plataforma de aviaci\u00f3n general del Aeropuerto Internacional de Puerto Escondido.<\/p>\n\n\n\n<p>Esta obra representa un avance significativo en la modernizaci\u00f3n de este aer\u00f3dromo, la cual detonar\u00e1 el potencial tur\u00edstico de este destino de playa, considerado un motor del desarrollo econ\u00f3mico de la regi\u00f3n Costa.<\/p>\n\n\n\n<p>Al encabezar la conferencia de prensa matutina desde esta terminal a\u00e9rea, el mandatario estatal reiter\u00f3 que la Primavera Oaxaque\u00f1a seguir\u00e1 trabajando para construir mayores alianzas, as\u00ed como fortalecer la conectividad y el crecimiento tur\u00edstico de la entidad.<\/p>\n\n\n\n<p>\u201cFelicitamos a Aeropuertos Mexicanos por estos importantes anuncios. La ampliaci\u00f3n de este espacio posicionar\u00e1 a Oaxaca como uno de los destinos tur\u00edsticos m\u00e1s atractivos de M\u00e9xico y el mundo\u201d, asever\u00f3 Jara Cruz, previo a realizar un recorrido con representantes de los medios de comunicaci\u00f3n.<\/p>\n\n\n\n<p>Al respecto, la titular de la Secretar\u00eda de Turismo del estado (Sectur), Saymi Pineda Velasco, destac\u00f3 que la pol\u00edtica p\u00fablica del Gobierno de Oaxaca est\u00e1 generando las condiciones necesarias para la inversi\u00f3n que hoy se refleja en la modernizaci\u00f3n del Aeropuerto Internacional de Puerto Escondido, con un monto superior a cuatro mil 215 millones de pesos. &nbsp;<\/p>\n\n\n\n<p>\u201cEsta infraestructura no solo mejora la experiencia de las y los pasajeros. Tambi\u00e9n env\u00eda un mensaje de confianza y certeza a las aerol\u00edneas que apuestan por este destino\u201d, se\u00f1al\u00f3.<\/p>\n\n\n\n<p>El director ejecutivo de Aeropuertos Mexicanos, Lorenzo Ochoa Castro-Leal inform\u00f3 que con la entrega de la cuarta posici\u00f3n de aviaci\u00f3n comercial se culmina el 100 por ciento del proyecto de lado aire de la terminal.<\/p>\n\n\n\n<p>\u201cEstamos duplicando su capacidad, ya que anteriormente se ten\u00edan dos posiciones. La plataforma general se ampli\u00f3 11 mil metros cuadrados con una inversi\u00f3n superior a los 30 millones de pesos\u201d, mencion\u00f3.<\/p>\n\n\n\n<p>El aeropuerto tambi\u00e9n contaba con ocho posiciones de aviaci\u00f3n general, las cuales eran reducidas; sin embargo, ahora, se tendr\u00e1n 11 alfa con capacidad bravo. Adem\u00e1s, se rehabilit\u00f3 la pista y se ampli\u00f3 el \u00c1rea de Seguridad de Extremo de Pista (RESA).<\/p>\n\n\n\n<p>La modernizaci\u00f3n de este aer\u00f3dromo responde a la creciente demanda de conectividad en la regi\u00f3n, con lo cual, el Gobierno del Estado avanza en la consolidaci\u00f3n de un Oaxaca m\u00e1s din\u00e1mico, competitivo y preparado para recibir a un mayor n\u00famero de visitantes nacionales e internacionales.<\/p>\n","protected":false},"excerpt":{"rendered":"<p>Redacci\u00f3n\/Zona Roja. Oaxaca, Oax., a 9 de septiembre de 2025.- Como parte del trabajo conjunto&hellip;<\/p>\n","protected":false},"author":2,"featured_media":84466,"comment_status":"closed","ping_status":"open","sticky":false,"template":"","format":"standard","meta":{"_lmt_disableupdate":"","_lmt_disable":"","_jetpack_memberships_contains_paid_content":false,"footnotes":""},"categories":[109,46],"tags":[4440,939],"class_list":["post-84465","post","type-post","status-publish","format-standard","has-post-thumbnail","hentry","category-minuto-a-minuto","category-zona-blanca","tag-puerto-aeropuerto-de-puerto-escondido","tag-salomon-jara-cruz"],"jetpack_featured_media_url":"https:\/\/zonaroja.com.mx\/wp-content\/uploads\/2025\/09\/Inaugura-Gobernador-de-Oaxaca-nueva-infraestructura-del-Aeropuerto-Internacional-de-Puerto-Escondido-2.jpeg","jetpack_sharing_enabled":true,"_links":{"self":[{"href":"https:\/\/zonaroja.com.mx\/index.php?rest_route=\/wp\/v2\/posts\/84465","targetHints":{"allow":["GET"]}}],"collection":[{"href":"https:\/\/zonaroja.com.mx\/index.php?rest_route=\/wp\/v2\/posts"}],"about":[{"href":"https:\/\/zonaroja.com.mx\/index.php?rest_route=\/wp\/v2\/types\/post"}],"author":[{"embeddable":true,"href":"https:\/\/zonaroja.com.mx\/index.php?rest_route=\/wp\/v2\/users\/2"}],"replies":[{"embeddable":true,"href":"https:\/\/zonaroja.com.mx\/index.php?rest_route=%2Fwp%2Fv2%2Fcomments&post=84465"}],"version-history":[{"count":1,"href":"https:\/\/zonaroja.com.mx\/index.php?rest_route=\/wp\/v2\/posts\/84465\/revisions"}],"predecessor-version":[{"id":84467,"href":"https:\/\/zonaroja.com.mx\/index.php?rest_route=\/wp\/v2\/posts\/84465\/revisions\/84467"}],"wp:featuredmedia":[{"embeddable":true,"href":"https:\/\/zonaroja.com.mx\/index.php?rest_route=\/wp\/v2\/media\/84466"}],"wp:attachment":[{"href":"https:\/\/zonaroja.com.mx\/index.php?rest_route=%2Fwp%2Fv2%2Fmedia&parent=84465"}],"wp:term":[{"taxonomy":"category","embeddable":true,"href":"https:\/\/zonaroja.com.mx\/index.php?rest_route=%2Fwp%2Fv2%2Fcategories&post=84465"},{"taxonomy":"post_tag","embeddable":true,"href":"https:\/\/zonaroja.com.mx\/index.php?rest_route=%2Fwp%2Fv2%2Ftags&post=84465"}],"curies":[{"name":"wp","href":"https:\/\/api.w.org\/{rel}","templated":true}]}}