{"id":84473,"date":"2025-09-10T09:00:00","date_gmt":"2025-09-10T15:00:00","guid":{"rendered":"https:\/\/zonaroja.com.mx\/?p=84473"},"modified":"2025-09-10T07:19:39","modified_gmt":"2025-09-10T13:19:39","slug":"nepotismo-en-la-suprema-corte-y-refugio-de-funcionarios-del-inpi","status":"publish","type":"post","link":"https:\/\/zonaroja.com.mx\/?p=84473","title":{"rendered":"Nepotismo en la Suprema Corte\u2026 y refugio de funcionarios del INPI"},"content":{"rendered":"\n<p>Redacci\u00f3n\/Zona Roja Cdmx.<\/p>\n\n\n\n<p>Ciudad de M\u00e9xico, a 10 de septiembre de 2025.- El reci\u00e9n llegado presidente de la Suprema Corte de Justicia de la Naci\u00f3n (SCJN), el ministro Hugo Aguilar Ortiz, ha generado controversia al integrar a su equipo de trabajo a perfiles con fuertes v\u00ednculos con Morena, y entre ellos destaca un cu\u00f1ado del diputado Ricardo Monreal.<\/p>\n\n\n\n<p>Estos nombramientos han suscitado dudas sobre la imparcialidad de Hugo Aguilar al frente del M\u00e1ximo Tribunal del pa\u00eds, pues presidir\u00e1 la Corte hasta 2027.<\/p>\n\n\n\n<p>EL CU\u00d1ADO<\/p>\n\n\n\n<p>De acuerdo con el portal \u201cAnimal Pol\u00edtico\u201d, uno de los nombramientos m\u00e1s pol\u00e9micos es el de Gerardo Garc\u00eda Marroqu\u00edn, cu\u00f1ado del diputado de Morena Ricardo Monreal \u00c1vila, quien ha sido designado director de la Coordinaci\u00f3n de Compilaci\u00f3n y Sistematizaci\u00f3n de Tesis.<\/p>\n\n\n\n<p>Aunque su experiencia se centra en derecho electoral, su relaci\u00f3n de parentesco con Monreal ha sido un tema recurrente.<\/p>\n\n\n\n<p>En 2018, Garc\u00eda Marroqu\u00edn intent\u00f3 ser magistrado electoral en Oaxaca, pero su postulaci\u00f3n fue retirada por el Senado ante la posibilidad de un conflicto de inter\u00e9s, a petici\u00f3n del propio Monreal.<\/p>\n\n\n\n<p>M\u00e1s tarde, en 2019, al ser nombrado director en la Fiscal\u00eda Especializada para la Atenci\u00f3n de Delitos Electorales (FISEL), tuvo que excusarse de indagar al legislador debido a su relaci\u00f3n familiar.<\/p>\n\n\n\n<p>LA EX FUNCIONARIA<\/p>\n\n\n\n<p>Otro perfil vinculado a Morena es el de Karina L\u00f3pez Regalado, quien fue nombrada directora de Participaci\u00f3n Social de la Corte.<\/p>\n\n\n\n<p>En 2021, L\u00f3pez Regalado se registr\u00f3 como precandidata a diputada local por Morena en Oaxaca, aunque su postulaci\u00f3n fue desechada por el Tribunal Electoral del Estado. Se desempe\u00f1\u00f3 tambi\u00e9n en el Instituto Nacional Indigenista (INPI).<\/p>\n\n\n\n<p>LOS MORENISTAS<\/p>\n\n\n\n<p>El equipo del ministro presidente Aguilar Ortiz tambi\u00e9n incluye a otros perfiles cercanos al oficialismo y con hasta con relaci\u00f3n con el expresidente Andr\u00e9s Manuel L\u00f3pez Obrador:<\/p>\n\n\n\n<p>Jos\u00e9 Hern\u00e1ndez Hern\u00e1ndez: Designado como secretario general de la Presidencia del Tribunal. Particip\u00f3 en la pasada elecci\u00f3n judicial como candidato a magistrado federal en Veracruz, pero no obtuvo los votos necesarios para el cargo. A pesar de la derrota, ha presumido en redes sociales su cercana amistad con el ministro Aguilar.<\/p>\n\n\n\n<p>Mardonio Carballo: Poeta y periodista, asumir\u00e1 la direcci\u00f3n del nuevo canal del Poder Judicial, Plural TV. Carballo, quien se desempe\u00f1\u00f3 como titular de la Direcci\u00f3n General de Culturas Populares durante el gobierno del expresidente L\u00f3pez Obrador, tiene una relaci\u00f3n conocida con el exmandatario.<\/p>\n\n\n\n<p>De acuerdo con \u201cAnimal Pol\u00edtico\u201d, se solicit\u00f3 la postura del ministro presidente Hugo Aguilar sobre los nombramientos que realiz\u00f3, pero no se obtuvo respuesta.<\/p>\n\n\n\n<p>(Informaci\u00f3n del portal \u201cPol\u00edtico.Mx\u201d)<\/p>\n","protected":false},"excerpt":{"rendered":"<p>Redacci\u00f3n\/Zona Roja Cdmx. Ciudad de M\u00e9xico, a 10 de septiembre de 2025.- El reci\u00e9n llegado&hellip;<\/p>\n","protected":false},"author":2,"featured_media":84474,"comment_status":"closed","ping_status":"open","sticky":false,"template":"","format":"standard","meta":{"_lmt_disableupdate":"","_lmt_disable":"","_jetpack_memberships_contains_paid_content":false,"footnotes":""},"categories":[109,47],"tags":[4441,4324],"class_list":["post-84473","post","type-post","status-publish","format-standard","has-post-thumbnail","hentry","category-minuto-a-minuto","category-zona-gris","tag-gerardo-garcia-marroquin","tag-hugo-aguilar-ortiz"],"jetpack_featured_media_url":"https:\/\/zonaroja.com.mx\/wp-content\/uploads\/2025\/09\/Hugo-Aguilar-Ricardo-Monreal-Gerardo-Garcia-Marroquin.jpg","jetpack_sharing_enabled":true,"_links":{"self":[{"href":"https:\/\/zonaroja.com.mx\/index.php?rest_route=\/wp\/v2\/posts\/84473","targetHints":{"allow":["GET"]}}],"collection":[{"href":"https:\/\/zonaroja.com.mx\/index.php?rest_route=\/wp\/v2\/posts"}],"about":[{"href":"https:\/\/zonaroja.com.mx\/index.php?rest_route=\/wp\/v2\/types\/post"}],"author":[{"embeddable":true,"href":"https:\/\/zonaroja.com.mx\/index.php?rest_route=\/wp\/v2\/users\/2"}],"replies":[{"embeddable":true,"href":"https:\/\/zonaroja.com.mx\/index.php?rest_route=%2Fwp%2Fv2%2Fcomments&post=84473"}],"version-history":[{"count":2,"href":"https:\/\/zonaroja.com.mx\/index.php?rest_route=\/wp\/v2\/posts\/84473\/revisions"}],"predecessor-version":[{"id":84476,"href":"https:\/\/zonaroja.com.mx\/index.php?rest_route=\/wp\/v2\/posts\/84473\/revisions\/84476"}],"wp:featuredmedia":[{"embeddable":true,"href":"https:\/\/zonaroja.com.mx\/index.php?rest_route=\/wp\/v2\/media\/84474"}],"wp:attachment":[{"href":"https:\/\/zonaroja.com.mx\/index.php?rest_route=%2Fwp%2Fv2%2Fmedia&parent=84473"}],"wp:term":[{"taxonomy":"category","embeddable":true,"href":"https:\/\/zonaroja.com.mx\/index.php?rest_route=%2Fwp%2Fv2%2Fcategories&post=84473"},{"taxonomy":"post_tag","embeddable":true,"href":"https:\/\/zonaroja.com.mx\/index.php?rest_route=%2Fwp%2Fv2%2Ftags&post=84473"}],"curies":[{"name":"wp","href":"https:\/\/api.w.org\/{rel}","templated":true}]}}