{"id":84477,"date":"2025-09-10T10:00:00","date_gmt":"2025-09-10T16:00:00","guid":{"rendered":"https:\/\/zonaroja.com.mx\/?p=84477"},"modified":"2025-09-10T07:25:23","modified_gmt":"2025-09-10T13:25:23","slug":"desde-diciembre-nuevo-vuelo-internacional-toronto-puerto-escondido","status":"publish","type":"post","link":"https:\/\/zonaroja.com.mx\/?p=84477","title":{"rendered":"Desde diciembre, nuevo vuelo internacional Toronto-Puerto Escondido"},"content":{"rendered":"\n<p>Redacci\u00f3n\/Zona Roja.<\/p>\n\n\n\n<p>Oaxaca, Oax., a 10 de septiembre de 2025.- Con el firme objetivo de posicionar a Oaxaca en el mapa tur\u00edstico global, el gobernador Salom\u00f3n Jara Cruz anunci\u00f3 la apertura de la nueva ruta a\u00e9rea Toronto-Puerto Escondido, que habilitar\u00e1 182 asientos a la semana para visitantes provenientes de Canad\u00e1.<\/p>\n\n\n\n<p>\u201cOaxaca es el coraz\u00f3n cultural, ling\u00fc\u00edstico y gastron\u00f3mico de M\u00e9xico y la puesta en operaci\u00f3n de una nueva ruta internacional va a consolidar al estado como uno de los destinos tur\u00edsticos m\u00e1s atractivos del mundo\u201d, afirm\u00f3 en conferencia de prensa de ayer.<\/p>\n\n\n\n<p>Desde la terminal a\u00e9rea de este destino de playa, el mandatario estatal inform\u00f3 que a partir del 17 de diciembre, esta frecuencia de la aerol\u00ednea Air Canada estar\u00e1 disponible los d\u00edas mi\u00e9rcoles, que durante la temporada invernal sumar\u00e1 m\u00e1s de 2 mil 312 asientos disponibles a este destino oaxaque\u00f1o.<\/p>\n\n\n\n<p>Cabe destacar que, de enero a agosto de 2025, el flujo acumulado de turistas a Puerto Escondido fue de 644 mil 510 personas, que representa un crecimiento del 10.58 por ciento en comparaci\u00f3n con el mismo periodo del 2024.<\/p>\n\n\n\n<p>Este dinamismo tambi\u00e9n se refleja en la ocupaci\u00f3n a\u00e9rea que pas\u00f3 del 79 por ciento registrado en 2024 al 81.18 por ciento documentado hasta agosto de 2025, es decir, hubo un alza de 2.58 puntos porcentuales.<\/p>\n\n\n\n<p>La titular de la Secretar\u00eda de Turismo (Sectur Oaxaca), Saymi Pineda Velasco, mencion\u00f3 que este vuelo desde Canad\u00e1 es el segundo de car\u00e1cter internacional a este destino de playa, el cual no solo fortalecer\u00e1 a este aer\u00f3dromo, sino que multiplicar\u00e1 las oportunidades de desarrollo econ\u00f3mico, cultural y social para la Costa.<\/p>\n\n\n\n<p>\u201cCon acciones firmes y una estrategia integral demostramos que Oaxaca ofrece estabilidad, crecimiento y oportunidades que consolidan a Puerto Escondido como un referente tur\u00edstico internacional\u201d, expres\u00f3.<\/p>\n\n\n\n<p>Este sitio considerado la capital mexicana del surf despierta un genuino atractivo en mercados internacionales, como: Estados Unidos, Canad\u00e1, Francia, Alemania y Espa\u00f1a. En tanto, a nivel nacional, en: Jalisco, Puebla, Nuevo Le\u00f3n y Ciudad de M\u00e9xico.<\/p>\n\n\n\n<p>En representaci\u00f3n de la titular de la Secretar\u00eda de Turismo del Gobierno de M\u00e9xico, Josefina Rodr\u00edguez Zamora, la subsecretaria Nathalie Desplas Puel destac\u00f3 que esta conexi\u00f3n es estrat\u00e9gica en m\u00faltiples dimensiones porque fortalece los lazos con el mercado tur\u00edstico canadiense y ampl\u00eda las oportunidades de intercambio cultural, empleos, negocio e inversi\u00f3n.<\/p>\n\n\n\n<p>\u201cEl vuelo marca un hito para el aeropuerto y costa oaxaque\u00f1a; es un mensaje claro de que el mundo est\u00e1 reconociendo el valor, belleza y potencial de nuestros destinos mexicanos. Celebramos este momento porque no se trata solo de inaugurar vuelos, sino conectar personas, familias y empresas, que ofrece a j\u00f3venes y comunidades m\u00e1s oportunidades\u201d, coment\u00f3.<\/p>\n","protected":false},"excerpt":{"rendered":"<p>Redacci\u00f3n\/Zona Roja. Oaxaca, Oax., a 10 de septiembre de 2025.- Con el firme objetivo de&hellip;<\/p>\n","protected":false},"author":2,"featured_media":84478,"comment_status":"closed","ping_status":"open","sticky":false,"template":"","format":"standard","meta":{"_lmt_disableupdate":"","_lmt_disable":"","_jetpack_memberships_contains_paid_content":false,"footnotes":""},"categories":[109,46],"tags":[939],"class_list":["post-84477","post","type-post","status-publish","format-standard","has-post-thumbnail","hentry","category-minuto-a-minuto","category-zona-blanca","tag-salomon-jara-cruz"],"jetpack_featured_media_url":"https:\/\/zonaroja.com.mx\/wp-content\/uploads\/2025\/09\/Anuncia-Salomon-Jara-nueva-ruta-aerea-internacional-Toronto-Puerto-Escondido-que-abre-oportunidades-con-Canada-3.jpeg","jetpack_sharing_enabled":true,"_links":{"self":[{"href":"https:\/\/zonaroja.com.mx\/index.php?rest_route=\/wp\/v2\/posts\/84477","targetHints":{"allow":["GET"]}}],"collection":[{"href":"https:\/\/zonaroja.com.mx\/index.php?rest_route=\/wp\/v2\/posts"}],"about":[{"href":"https:\/\/zonaroja.com.mx\/index.php?rest_route=\/wp\/v2\/types\/post"}],"author":[{"embeddable":true,"href":"https:\/\/zonaroja.com.mx\/index.php?rest_route=\/wp\/v2\/users\/2"}],"replies":[{"embeddable":true,"href":"https:\/\/zonaroja.com.mx\/index.php?rest_route=%2Fwp%2Fv2%2Fcomments&post=84477"}],"version-history":[{"count":1,"href":"https:\/\/zonaroja.com.mx\/index.php?rest_route=\/wp\/v2\/posts\/84477\/revisions"}],"predecessor-version":[{"id":84479,"href":"https:\/\/zonaroja.com.mx\/index.php?rest_route=\/wp\/v2\/posts\/84477\/revisions\/84479"}],"wp:featuredmedia":[{"embeddable":true,"href":"https:\/\/zonaroja.com.mx\/index.php?rest_route=\/wp\/v2\/media\/84478"}],"wp:attachment":[{"href":"https:\/\/zonaroja.com.mx\/index.php?rest_route=%2Fwp%2Fv2%2Fmedia&parent=84477"}],"wp:term":[{"taxonomy":"category","embeddable":true,"href":"https:\/\/zonaroja.com.mx\/index.php?rest_route=%2Fwp%2Fv2%2Fcategories&post=84477"},{"taxonomy":"post_tag","embeddable":true,"href":"https:\/\/zonaroja.com.mx\/index.php?rest_route=%2Fwp%2Fv2%2Ftags&post=84477"}],"curies":[{"name":"wp","href":"https:\/\/api.w.org\/{rel}","templated":true}]}}