{"id":84483,"date":"2025-09-10T14:00:00","date_gmt":"2025-09-10T20:00:00","guid":{"rendered":"https:\/\/zonaroja.com.mx\/?p=84483"},"modified":"2025-09-10T08:32:22","modified_gmt":"2025-09-10T14:32:22","slug":"muere-otro-marino-en-mexico-relacionado-con-aduanas-y-probable-corrupcion","status":"publish","type":"post","link":"https:\/\/zonaroja.com.mx\/?p=84483","title":{"rendered":"Muere otro marino en M\u00e9xico, relacionado con aduanas y probable corrupci\u00f3n\u00a0"},"content":{"rendered":"\n<p>Redacci\u00f3n\/Zona Roja Cdmx.<\/p>\n\n\n\n<p>Ciudad de M\u00e9xico, a 10 de septiembre de 2025.- A 24 horas de que se diera a conocer el suicidio del capit\u00e1n Abraham P\u00e9rez Ram\u00edrez, la Secretar\u00eda de Marina inform\u00f3 este martes 9 de septiembre el fallecimiento de otro de sus integrantes en Puerto Pe\u00f1asco, Sonora, durante un ejercicio de pr\u00e1ctica de tiro.<\/p>\n\n\n\n<p>En un comunicado, la dependencia expres\u00f3 su pesar por este hecho y manifest\u00f3 su solidaridad hacia los familiares del marino, a quienes asegur\u00f3 que se les brindar\u00e1 respaldo absoluto conforme a lo establecido en la ley.<\/p>\n\n\n\n<p>\u201cLa Secretar\u00eda de Marina-Armada de M\u00e9xico expresa su pesar por el fallecimiento de uno de sus elementos en Puerto Pe\u00f1asco, Sonora, durante un ejercicio de pr\u00e1ctica de tiro real y extiende sus condolencias y solidaridad absoluta a sus seres queridos, asegurando que se les otorgar\u00e1 todo el respaldo, conforme a lo establecido por la ley\u201d, se\u00f1al\u00f3 la dependencia.<\/p>\n\n\n\n<p>El elemento de la Marina fue identificado como el capit\u00e1n Adri\u00e1n Omar del \u00c1ngel Z\u00fa\u00f1iga, quien antes pasado estuvo adscrito a la Aduana de Manzanillo, Colima, cargo que dej\u00f3 tras un acuerdo institucional con las autoridades.<\/p>\n\n\n\n<p>Durante su gesti\u00f3n en la aduana, destac\u00f3 por la coordinaci\u00f3n en seguridad portuaria dentro de un recinto estrat\u00e9gico para el comercio mar\u00edtimo y para la lucha contra el contrabando de mercanc\u00edas.<\/p>\n\n\n\n<p>Sin embargo, fue removido de su puesto a petici\u00f3n del entonces secretario de Marina, Rafael Ojeda, y del titular de la Agencia Nacional de Aduanas de M\u00e9xico, Rafael Mar\u00edn Mollinedo.<\/p>\n\n\n\n<p>Su lugar lo ocup\u00f3 Sergio Emmanuel Mart\u00ednez Covarrubias, quien apenas dos semanas despu\u00e9s de haber asumido el cargo de subadministrador de Operaci\u00f3n Aduanera de Manzanillo fue asesinado, en 28 de mayo de 2023.<\/p>\n\n\n\n<p>Dicha ejecuci\u00f3n fue atribuida en ese momento al C\u00e1rtel de Jalisco Nueva Generaci\u00f3n (CJNG), organizaci\u00f3n criminal interesada en el control de las aduanas para el tr\u00e1fico de drogas.<\/p>\n\n\n\n<p>La noticia del fallecimiento de Adri\u00e1n Omar del \u00c1ngel Z\u00fa\u00f1iga ocurre un d\u00eda despu\u00e9s de la confirmaci\u00f3n del suicidio del capit\u00e1n de la Marina, Abraham P\u00e9rez Ram\u00edrez. Su nombre hab\u00eda sido vinculado, de forma preliminar, a una red de huachicol fiscal en Tamaulipas.<\/p>\n\n\n\n<p>El pasado domingo 7 de septiembre, el secretario de Seguridad y Protecci\u00f3n Ciudadana, Omar Garc\u00eda Harfuch, inform\u00f3 la detenci\u00f3n de 14 personas involucradas en dicha red. Entre los arrestados se encontraba el vicealmirante Manuel Roberto Far\u00edas Laguna, sobrino pol\u00edtico del exsecretario de Marina, Rafael Ojeda.<\/p>\n\n\n\n<p>De acuerdo con los reportes preliminares, Abraham P\u00e9rez Ram\u00edrez habr\u00eda facilitado protecci\u00f3n a operadores de una red de robo de combustibles en Tamaulipas, por lo que su nombre apareci\u00f3 en las indagatorias de la FGR como un posible enlace entre mandos navales y empresarios coludidos.<\/p>\n\n\n\n<p>No obstante, la presidenta Claudia Sheinbaum y Alejandro Gertz Manero, titular de la FGR, aclararon que P\u00e9rez Ram\u00edrez no estaba formalmente vinculado a la red de huachicol fiscal. Ambos subrayaron que, aunque su nombre apareci\u00f3 en versiones preliminares, las investigaciones oficiales no acreditaron su participaci\u00f3n directa.<\/p>\n\n\n\n<p>(Informaci\u00f3n de \u201cEl Financiero\u201d)<\/p>\n","protected":false},"excerpt":{"rendered":"<p>Redacci\u00f3n\/Zona Roja Cdmx. Ciudad de M\u00e9xico, a 10 de septiembre de 2025.- A 24 horas&hellip;<\/p>\n","protected":false},"author":2,"featured_media":84484,"comment_status":"closed","ping_status":"open","sticky":false,"template":"","format":"standard","meta":{"_lmt_disableupdate":"","_lmt_disable":"","_jetpack_memberships_contains_paid_content":false,"footnotes":""},"categories":[109,47],"tags":[],"class_list":["post-84483","post","type-post","status-publish","format-standard","has-post-thumbnail","hentry","category-minuto-a-minuto","category-zona-gris"],"jetpack_featured_media_url":"https:\/\/zonaroja.com.mx\/wp-content\/uploads\/2025\/09\/Marino-secretaria-de-Marina.jpg","jetpack_sharing_enabled":true,"_links":{"self":[{"href":"https:\/\/zonaroja.com.mx\/index.php?rest_route=\/wp\/v2\/posts\/84483","targetHints":{"allow":["GET"]}}],"collection":[{"href":"https:\/\/zonaroja.com.mx\/index.php?rest_route=\/wp\/v2\/posts"}],"about":[{"href":"https:\/\/zonaroja.com.mx\/index.php?rest_route=\/wp\/v2\/types\/post"}],"author":[{"embeddable":true,"href":"https:\/\/zonaroja.com.mx\/index.php?rest_route=\/wp\/v2\/users\/2"}],"replies":[{"embeddable":true,"href":"https:\/\/zonaroja.com.mx\/index.php?rest_route=%2Fwp%2Fv2%2Fcomments&post=84483"}],"version-history":[{"count":1,"href":"https:\/\/zonaroja.com.mx\/index.php?rest_route=\/wp\/v2\/posts\/84483\/revisions"}],"predecessor-version":[{"id":84485,"href":"https:\/\/zonaroja.com.mx\/index.php?rest_route=\/wp\/v2\/posts\/84483\/revisions\/84485"}],"wp:featuredmedia":[{"embeddable":true,"href":"https:\/\/zonaroja.com.mx\/index.php?rest_route=\/wp\/v2\/media\/84484"}],"wp:attachment":[{"href":"https:\/\/zonaroja.com.mx\/index.php?rest_route=%2Fwp%2Fv2%2Fmedia&parent=84483"}],"wp:term":[{"taxonomy":"category","embeddable":true,"href":"https:\/\/zonaroja.com.mx\/index.php?rest_route=%2Fwp%2Fv2%2Fcategories&post=84483"},{"taxonomy":"post_tag","embeddable":true,"href":"https:\/\/zonaroja.com.mx\/index.php?rest_route=%2Fwp%2Fv2%2Ftags&post=84483"}],"curies":[{"name":"wp","href":"https:\/\/api.w.org\/{rel}","templated":true}]}}