{"id":8449,"date":"2020-02-05T19:22:49","date_gmt":"2020-02-06T01:22:49","guid":{"rendered":"http:\/\/www.zonaroja.com.mx\/?p=8449"},"modified":"2020-02-05T19:22:54","modified_gmt":"2020-02-06T01:22:54","slug":"ejecutan-a-empresario-en-tuxtepec-y-hallan-dos-cuerpos-mas-en-la-cuenca","status":"publish","type":"post","link":"https:\/\/zonaroja.com.mx\/?p=8449","title":{"rendered":"Ejecutan a empresario en Tuxtepec y hallan dos cuerpos m\u00e1s en la Cuenca"},"content":{"rendered":"\n<p>Redacci\u00f3n\/Zona Roja.<\/p>\n\n\n\n<p>Oaxaca de Ju\u00e1rez, Oax., 5 de febrero de\n2020.- A bordo de su veh\u00edculo fue ultimado a balazos un hombre que circulaba en\nzona escolar en el municipio de San Juan Bautista Tuxtepec, la ma\u00f1ana de este\nmi\u00e9rcoles.<\/p>\n\n\n\n<p>El reporte policial indic\u00f3 que ellos\nhechos ocurrieron sobre la avenida Francisco I. Madero en la colonia Mar\u00eda\nEugenia, a pocos metros de un complejo escolar, alrededor de las 08:00 horas.<\/p>\n\n\n\n<p>La v\u00edctima fue alcanzada por sujetos\ndesconocidos que dispararon de forma directa contra el hombre, quien fue\nidentificado como Pedro R.T., de aproximadamente 54 a\u00f1os de edad y quien adem\u00e1s\nera empresario del servicio de gr\u00faas en la regi\u00f3n.<\/p>\n\n\n\n<p>El lugar fue acordonado por elementos\nde seguridad de la Polic\u00eda Municipal, Estatal y Ej\u00e9rcito Mexicano, as\u00ed como\narribaron peritos de la Agencia Estatal de Investigaci\u00f3n de la Fiscal\u00eda General\ndel Estado.<\/p>\n\n\n\n<p>HALLAN CAD\u00c1VERES<\/p>\n\n\n\n<p>Por otra parte, en el municipio de San\nMiguel Soyaltepec, colindante con el estado de Veracruz, elementos policiales\nconfirmaron el hallazgo de dos cuerpos masculinos sin vida.<\/p>\n\n\n\n<p>Los restos humanos se localizaron en el\ntramo carretero de Temascal, Oaxaca-La Granja, Veracruz, en inmediaciones del\npuente Amapa.<\/p>\n\n\n\n<p>Autoridades periciales confirmaron que\nlos occisos se ubicaron en territorio oaxaque\u00f1o, en el municipio de Soyaltepec,\npor lo que las diligencias por parte de la Fiscal\u00eda General del Estado se\nconcluir\u00e1n en la Vicefiscal\u00eda de la Cuenca con sede en Tuxtepec.<\/p>\n\n\n\n<p>Uno de los hombres, de quienes hasta el\nmomento se desconocen sus generales, presentaba una venda en los ojos.<\/p>\n","protected":false},"excerpt":{"rendered":"<p>Redacci\u00f3n\/Zona Roja. Oaxaca de Ju\u00e1rez, Oax., 5 de febrero de 2020.- A bordo de su&hellip;<\/p>\n","protected":false},"author":2,"featured_media":8450,"comment_status":"closed","ping_status":"open","sticky":false,"template":"","format":"standard","meta":{"_lmt_disableupdate":"","_lmt_disable":"","_jetpack_memberships_contains_paid_content":false,"footnotes":""},"categories":[109,51],"tags":[118,1037],"class_list":["post-8449","post","type-post","status-publish","format-standard","has-post-thumbnail","hentry","category-minuto-a-minuto","category-zona-roja","tag-san-juan-bautista-tuxtepec","tag-san-miguel-soyaltepec"],"jetpack_featured_media_url":"https:\/\/zonaroja.com.mx\/wp-content\/uploads\/2020\/02\/Ejecutados-Soyaltepec.jpg","jetpack_sharing_enabled":true,"_links":{"self":[{"href":"https:\/\/zonaroja.com.mx\/index.php?rest_route=\/wp\/v2\/posts\/8449","targetHints":{"allow":["GET"]}}],"collection":[{"href":"https:\/\/zonaroja.com.mx\/index.php?rest_route=\/wp\/v2\/posts"}],"about":[{"href":"https:\/\/zonaroja.com.mx\/index.php?rest_route=\/wp\/v2\/types\/post"}],"author":[{"embeddable":true,"href":"https:\/\/zonaroja.com.mx\/index.php?rest_route=\/wp\/v2\/users\/2"}],"replies":[{"embeddable":true,"href":"https:\/\/zonaroja.com.mx\/index.php?rest_route=%2Fwp%2Fv2%2Fcomments&post=8449"}],"version-history":[{"count":1,"href":"https:\/\/zonaroja.com.mx\/index.php?rest_route=\/wp\/v2\/posts\/8449\/revisions"}],"predecessor-version":[{"id":8451,"href":"https:\/\/zonaroja.com.mx\/index.php?rest_route=\/wp\/v2\/posts\/8449\/revisions\/8451"}],"wp:featuredmedia":[{"embeddable":true,"href":"https:\/\/zonaroja.com.mx\/index.php?rest_route=\/wp\/v2\/media\/8450"}],"wp:attachment":[{"href":"https:\/\/zonaroja.com.mx\/index.php?rest_route=%2Fwp%2Fv2%2Fmedia&parent=8449"}],"wp:term":[{"taxonomy":"category","embeddable":true,"href":"https:\/\/zonaroja.com.mx\/index.php?rest_route=%2Fwp%2Fv2%2Fcategories&post=8449"},{"taxonomy":"post_tag","embeddable":true,"href":"https:\/\/zonaroja.com.mx\/index.php?rest_route=%2Fwp%2Fv2%2Ftags&post=8449"}],"curies":[{"name":"wp","href":"https:\/\/api.w.org\/{rel}","templated":true}]}}