{"id":84495,"date":"2025-09-10T19:58:46","date_gmt":"2025-09-11T01:58:46","guid":{"rendered":"https:\/\/zonaroja.com.mx\/?p=84495"},"modified":"2025-09-10T19:58:53","modified_gmt":"2025-09-11T01:58:53","slug":"pese-a-violencia-de-taxistas-ciudadanos-mantienen-bloqueo-en-huajuapan","status":"publish","type":"post","link":"https:\/\/zonaroja.com.mx\/?p=84495","title":{"rendered":"Pese a violencia de taxistas, ciudadanos mantienen bloqueo en Huajuapan"},"content":{"rendered":"\n<p>Raymundo Morales\/Zona Roja.<\/p>\n\n\n\n<p>Oaxaca, Oax., a 10 de septiembre de 2025.- Por tercer d\u00eda consecutivo, ciudadanos y comerciantes mantienen cerrada la calle Indio de Nuyo\u00f3, en el centro del municipio de Huajuapan de Le\u00f3n, para exigir el retiro de una base de taxistas.<\/p>\n\n\n\n<p>Lo anterior a pesar de que ayer martes, un grupo de ruleteros arrib\u00f3 con violencia y retir\u00f3 lonas y pancartas de los inconformes, sin que interviniera la polic\u00eda municipal.<\/p>\n\n\n\n<p>Desde el pasado lunes, quienes habitan y quienes tienen sus negocios en esa zona del centro de dicha demarcaci\u00f3n de la regi\u00f3n Mixteca, cerraron la vialidad.<\/p>\n\n\n\n<p>Seg\u00fan han denunciado recientemente, desde principios del a\u00f1o tuvieron pl\u00e1ticas con la autoridad municipal, que se hab\u00eda comprometido a efectuar un ordenamiento vial.<\/p>\n\n\n\n<p>Sin embargo, no cumplieron cabalmente con los vecinos, por lo que la anarqu\u00eda de los taxistas, que se han sumado a la proliferaci\u00f3n de ambulantes, han complicado no s\u00f3lo el tr\u00e1nsito vehicular, sino tambi\u00e9n el paso de las personas y hacia los comercios.<\/p>\n\n\n\n<p>El ayuntamiento de Huajuapan de Le\u00f3n, que preside el panista Luis de Le\u00f3n Mart\u00ednez, se ha limitado a informar que s\u00ed se ha atendido la queja de los vecinos; no obstante, ha mostrado excesiva tolerancia con los taxistas.<\/p>\n\n\n\n<p>En este tercer d\u00eda de protesta, los inconformes recaban firmas de los ciudadanos y quienes transitan por esa calle, con la finalidad de insistir por medio de documentos ante la autoridad municipal para que ponga orden.<\/p>\n","protected":false},"excerpt":{"rendered":"<p>Raymundo Morales\/Zona Roja. Oaxaca, Oax., a 10 de septiembre de 2025.- Por tercer d\u00eda consecutivo,&hellip;<\/p>\n","protected":false},"author":2,"featured_media":84487,"comment_status":"closed","ping_status":"open","sticky":false,"template":"","format":"standard","meta":{"_lmt_disableupdate":"","_lmt_disable":"","_jetpack_memberships_contains_paid_content":false,"footnotes":""},"categories":[109,47],"tags":[594,3210],"class_list":["post-84495","post","type-post","status-publish","format-standard","has-post-thumbnail","hentry","category-minuto-a-minuto","category-zona-gris","tag-huajuapan-de-leon","tag-luis-de-leon-martinez-sanchez"],"jetpack_featured_media_url":"https:\/\/zonaroja.com.mx\/wp-content\/uploads\/2025\/09\/Cierre-calle-IndioNuyoo-taxistas-Huajuapan.jpg","jetpack_sharing_enabled":true,"_links":{"self":[{"href":"https:\/\/zonaroja.com.mx\/index.php?rest_route=\/wp\/v2\/posts\/84495","targetHints":{"allow":["GET"]}}],"collection":[{"href":"https:\/\/zonaroja.com.mx\/index.php?rest_route=\/wp\/v2\/posts"}],"about":[{"href":"https:\/\/zonaroja.com.mx\/index.php?rest_route=\/wp\/v2\/types\/post"}],"author":[{"embeddable":true,"href":"https:\/\/zonaroja.com.mx\/index.php?rest_route=\/wp\/v2\/users\/2"}],"replies":[{"embeddable":true,"href":"https:\/\/zonaroja.com.mx\/index.php?rest_route=%2Fwp%2Fv2%2Fcomments&post=84495"}],"version-history":[{"count":1,"href":"https:\/\/zonaroja.com.mx\/index.php?rest_route=\/wp\/v2\/posts\/84495\/revisions"}],"predecessor-version":[{"id":84496,"href":"https:\/\/zonaroja.com.mx\/index.php?rest_route=\/wp\/v2\/posts\/84495\/revisions\/84496"}],"wp:featuredmedia":[{"embeddable":true,"href":"https:\/\/zonaroja.com.mx\/index.php?rest_route=\/wp\/v2\/media\/84487"}],"wp:attachment":[{"href":"https:\/\/zonaroja.com.mx\/index.php?rest_route=%2Fwp%2Fv2%2Fmedia&parent=84495"}],"wp:term":[{"taxonomy":"category","embeddable":true,"href":"https:\/\/zonaroja.com.mx\/index.php?rest_route=%2Fwp%2Fv2%2Fcategories&post=84495"},{"taxonomy":"post_tag","embeddable":true,"href":"https:\/\/zonaroja.com.mx\/index.php?rest_route=%2Fwp%2Fv2%2Ftags&post=84495"}],"curies":[{"name":"wp","href":"https:\/\/api.w.org\/{rel}","templated":true}]}}