{"id":84497,"date":"2025-09-10T20:39:59","date_gmt":"2025-09-11T02:39:59","guid":{"rendered":"https:\/\/zonaroja.com.mx\/?p=84497"},"modified":"2025-09-10T21:18:28","modified_gmt":"2025-09-11T03:18:28","slug":"protestas-de-transportistas-frenan-sistema-binnibus-en-oaxaca","status":"publish","type":"post","link":"https:\/\/zonaroja.com.mx\/?p=84497","title":{"rendered":"Protestas de transportistas frenan sistema Binnibus en Oaxaca"},"content":{"rendered":"\n<p>Ismael Garc\u00eda M.\/Zona Roja.<\/p>\n\n\n\n<p>Oaxaca, Oax., a 10 de septiembre de 2025.- Por en\u00e9sima ocasi\u00f3n, concesionarios y trabajadores del transporte de pasajeros en la ciudad de Oaxaca protestaron contra la Secretar\u00eda de Movilidad (Semovi) del gobierno estatal.<\/p>\n\n\n\n<p>Con ello, se ha retrasado la puesta en operaci\u00f3n de nuevas unidades del sistema Binnibus, que impulsa la administraci\u00f3n estatal, as\u00ed como nuevas rutas y la reinauguraci\u00f3n de terminales.<\/p>\n\n\n\n<p>Desde el lunes, dichas unidades han comenzado a circular pero vac\u00edas y custodiadas por polic\u00edas y elementos de vialidad estatales, para evitar agresiones.<\/p>\n\n\n\n<p>Este mi\u00e9rcoles, en la sede principal de la dependencia, ubicada en jurisdicci\u00f3n del municipio de San Antonio de la Cal, hubo nueva protesta por parte de los afectados.<\/p>\n\n\n\n<p>De acuerdo con la concesionaria Josefina G\u00f3mez Candiani, pese a que hay un convenio de por medio con la instituci\u00f3n Banobras, desde el gobierno de Gabino Cu\u00e9 Monteagudo, en el actual sexenio no se ha respetado e incluso se ha modificado al arbitrio.<\/p>\n\n\n\n<p>\u201cPor qu\u00e9 el cambio, por qu\u00e9 decidieron hacer los cambios, nunca nos tomaron en cuenta y esos cambios nos afectan\u201d, expuso, al detallar que dichas modificaciones han afectado a los propietarios de las unidades de transporte concesionarias.<\/p>\n\n\n\n<p>Expuso que les han dado a conocer que hasta diciembre las l\u00edneas camioneras dejar\u00edan de prestar sus servicios, al tomar el sistema Binnibus todo el control del transporte urbano de la capital y zona conurbada.<\/p>\n\n\n\n<p>Indic\u00f3 que desde hace cuatro meses la Secretar\u00eda de Movilidad no les ha renovado las concesiones, por lo cual se mantienen en la indefensi\u00f3n jur\u00eddica pero tampoco les precisan cu\u00e1l ser\u00e1 su situaci\u00f3n.<\/p>\n\n\n\n<p>RESPUESTA POR COMUNICADO<\/p>\n\n\n\n<p>Por su parte, en un comunicado la Secretar\u00eda de Movilidad (Semovi) dijo que explic\u00f3 a representantes de la empresa Sociedad Cooperativa de Transportes Choferes del Sur, que el procedimiento de renovaci\u00f3n de concesiones del transporte p\u00fablico se realiza conforme a la ley y con transparencia.<\/p>\n\n\n\n<p>\u201cPara este efecto, instal\u00f3 una mesa de di\u00e1logo encabezada por el Director de Concesiones, Carlos Mex Ramos, con las y los transportistas en la cual se aclararon dudas, ah\u00ed, se detall\u00f3 que este tr\u00e1mite acata los requisitos establecidos en la Ley de Movilidad para el Estado de Oaxaca y su Reglamento.<\/p>\n\n\n\n<p>\u201cAnte el vencimiento de los t\u00edtulos de concesi\u00f3n hace meses de algunos transportistas, la dependencia reiter\u00f3 que todos los procesos se llevan a cabo bajo principios de legalidad, transparencia y certeza jur\u00eddica.<\/p>\n\n\n\n<p>\u201cDe esta manera, agreg\u00f3, se garantizan los derechos de las personas concesionarias, as\u00ed como, el servicio seguro, ordenado y eficiente que merece la ciudadan\u00eda\u201d.<\/p>\n\n\n\n<figure class=\"wp-block-embed is-type-rich is-provider-twitter wp-block-embed-twitter\"><div class=\"wp-block-embed__wrapper\">\n<div class=\"twitter-tweet\"><blockquote class=\"twitter-tweet\" data-lang=\"es\"><p lang=\"es\" dir=\"ltr\">No cesan las protestas de concesionarios y trabajadores del transporte p\u00fablico de la ciudad de Oaxaca, ante la cerraz\u00f3n de di\u00e1logo por parte de la Secretar\u00eda de Movilidad del gobierno estatal (<a href=\"https:\/\/twitter.com\/SEMOVI_GobOax?ref_src=twsrc%5Etfw\">@SEMOVI_GobOax<\/a>). <br><br>Contin\u00faa la concentraci\u00f3n en oficinas de la dependencia ubicadas en\u2026 <a href=\"https:\/\/t.co\/3MUAlgPBF7\">pic.twitter.com\/3MUAlgPBF7<\/a><\/p>&mdash; Zona Roja Oaxaca (@ZonaRoja_Oaxaca) <a href=\"https:\/\/twitter.com\/ZonaRoja_Oaxaca\/status\/1965863033969762543?ref_src=twsrc%5Etfw\">10 de septiembre de 2025<\/a><\/blockquote><\/div>\n<\/div><\/figure>\n","protected":false},"excerpt":{"rendered":"<p>Ismael Garc\u00eda M.\/Zona Roja. Oaxaca, Oax., a 10 de septiembre de 2025.- Por en\u00e9sima ocasi\u00f3n,&hellip;<\/p>\n","protected":false},"author":2,"featured_media":84498,"comment_status":"closed","ping_status":"open","sticky":false,"template":"","format":"standard","meta":{"_lmt_disableupdate":"","_lmt_disable":"","_jetpack_memberships_contains_paid_content":false,"footnotes":""},"categories":[109,47],"tags":[2484],"class_list":["post-84497","post","type-post","status-publish","format-standard","has-post-thumbnail","hentry","category-minuto-a-minuto","category-zona-gris","tag-secretaria-de-movilidad-semovi"],"jetpack_featured_media_url":"https:\/\/zonaroja.com.mx\/wp-content\/uploads\/2025\/09\/Protesta-concesionarios-transporte.jpeg","jetpack_sharing_enabled":true,"_links":{"self":[{"href":"https:\/\/zonaroja.com.mx\/index.php?rest_route=\/wp\/v2\/posts\/84497","targetHints":{"allow":["GET"]}}],"collection":[{"href":"https:\/\/zonaroja.com.mx\/index.php?rest_route=\/wp\/v2\/posts"}],"about":[{"href":"https:\/\/zonaroja.com.mx\/index.php?rest_route=\/wp\/v2\/types\/post"}],"author":[{"embeddable":true,"href":"https:\/\/zonaroja.com.mx\/index.php?rest_route=\/wp\/v2\/users\/2"}],"replies":[{"embeddable":true,"href":"https:\/\/zonaroja.com.mx\/index.php?rest_route=%2Fwp%2Fv2%2Fcomments&post=84497"}],"version-history":[{"count":2,"href":"https:\/\/zonaroja.com.mx\/index.php?rest_route=\/wp\/v2\/posts\/84497\/revisions"}],"predecessor-version":[{"id":84501,"href":"https:\/\/zonaroja.com.mx\/index.php?rest_route=\/wp\/v2\/posts\/84497\/revisions\/84501"}],"wp:featuredmedia":[{"embeddable":true,"href":"https:\/\/zonaroja.com.mx\/index.php?rest_route=\/wp\/v2\/media\/84498"}],"wp:attachment":[{"href":"https:\/\/zonaroja.com.mx\/index.php?rest_route=%2Fwp%2Fv2%2Fmedia&parent=84497"}],"wp:term":[{"taxonomy":"category","embeddable":true,"href":"https:\/\/zonaroja.com.mx\/index.php?rest_route=%2Fwp%2Fv2%2Fcategories&post=84497"},{"taxonomy":"post_tag","embeddable":true,"href":"https:\/\/zonaroja.com.mx\/index.php?rest_route=%2Fwp%2Fv2%2Ftags&post=84497"}],"curies":[{"name":"wp","href":"https:\/\/api.w.org\/{rel}","templated":true}]}}