{"id":84502,"date":"2025-09-10T22:04:48","date_gmt":"2025-09-11T04:04:48","guid":{"rendered":"https:\/\/zonaroja.com.mx\/?p=84502"},"modified":"2025-09-10T22:04:50","modified_gmt":"2025-09-11T04:04:50","slug":"bloqueos-y-protestas-azote-cotidiano-en-oaxaca","status":"publish","type":"post","link":"https:\/\/zonaroja.com.mx\/?p=84502","title":{"rendered":"Bloqueos y protestas, azote cotidiano en Oaxaca"},"content":{"rendered":"\n<p>Raymundo Morales\/Zona Roja.<\/p>\n\n\n\n<p>Oaxaca, Oax., a 10 de septiembre de 2025.- Al menos seis protestas, algunos de ellos con bloqueos carreteros, se registraron este mi\u00e9rcoles en el estado de Oaxaca.<\/p>\n\n\n\n<p>Uno de ellos impact\u00f3 principalmente a los turistas: en la v\u00eda federal 200, a la altura de la sede de la Universidad del Mar, acceso a las bah\u00edas de Huatulco, un grupo de trabajadores cerr\u00f3 por varias horas el paso vehicular.<\/p>\n\n\n\n<p>Se trata de empleados del Centro Integralmente Planeado, organismo estatal que sustituy\u00f3 al Fonatur federal, quienes reclaman un finiquito adecuado, tras ser dados de baja recientemente.<\/p>\n\n\n\n<p>La raz\u00f3n, seg\u00fan denunciaron, es la anterior contratante, que era una empresa \u201coutsourcing\u201d, los liquid\u00f3 pero sin darles indemnizaci\u00f3n; ahora otra empresa similar pretende recontratarlos, tambi\u00e9n bajo p\u00e9simas condiciones laborales.<\/p>\n\n\n\n<p>Otro bloqueo durante casi todo el d\u00eda fue en la v\u00eda federal 190 Oaxaca-M\u00e9xico, a la altura del crucero a Tezoatl\u00e1n de Segura y Luna.<\/p>\n\n\n\n<p>Se trata de pobladores de la agencia Vista Hermosa, respaldados por la organizaci\u00f3n Ubisort, quienes exigen al ayuntamiento de San Marcos Arteaga la asignaci\u00f3n de recursos presupuestales.<\/p>\n\n\n\n<p>En Huajuapan de Le\u00f3n, por tercer d\u00eda consecutivo hay bloqueo a la calle Indioo de Nuyo\u00f3, en rechazo a la instalaci\u00f3n de una base de taxis y un mayor n\u00famero de vendedores ambulantes.<\/p>\n\n\n\n<p>En la regi\u00f3n Costa, en los l\u00edmites de Pinotepa Nacional con el estado de Guerrero, un grupo de personas de la comunidad de Igualapa, cerraron la v\u00eda federal 200, en exigencia de personal docente para una escuela.<\/p>\n\n\n\n<p>En la regi\u00f3n del Istmo, pobladores de una agencia de Santiago Laollaga bloquearon por varias horas la supercarretera Salina Cruz-La Ventosa, a la altura de la caseta de peaje de Ciudad Ixtepec, para exigir recursos financieros al ayuntamiento.<\/p>\n\n\n\n<p>Otro bloqueo hubo por unas horas en la supercarretera Oaxaca-Cuacnopalan, en la caseta de peaje Huitzo, por parte de un grupo de personas.<\/p>\n\n\n\n<p>Mientras que en la capital oaxaque\u00f1a, en el z\u00f3calo los profesores jubilados afiliados a la Secci\u00f3n 22 del SNTE reanudaron su protesta pac\u00edfica por diferencias con la dirigencia de la gremial.<\/p>\n\n\n\n<p>Y en la sede de la Secretar\u00eda de Movilidad, en el municipio de San Antonio de la Cal, concesionarios y trabajadores del transporte urbano protestaron para exigir la renovaci\u00f3n de las concesiones.<\/p>\n","protected":false},"excerpt":{"rendered":"<p>Raymundo Morales\/Zona Roja. Oaxaca, Oax., a 10 de septiembre de 2025.- Al menos seis protestas,&hellip;<\/p>\n","protected":false},"author":2,"featured_media":84503,"comment_status":"closed","ping_status":"open","sticky":false,"template":"","format":"standard","meta":{"_lmt_disableupdate":"","_lmt_disable":"","_jetpack_memberships_contains_paid_content":false,"footnotes":""},"categories":[109,47],"tags":[1975],"class_list":["post-84502","post","type-post","status-publish","format-standard","has-post-thumbnail","hentry","category-minuto-a-minuto","category-zona-gris","tag-bloqueos-carreteros-oaxaca"],"jetpack_featured_media_url":"https:\/\/zonaroja.com.mx\/wp-content\/uploads\/2025\/09\/8ca6745e-2576-4a09-867b-459fd33504fe.jpg","jetpack_sharing_enabled":true,"_links":{"self":[{"href":"https:\/\/zonaroja.com.mx\/index.php?rest_route=\/wp\/v2\/posts\/84502","targetHints":{"allow":["GET"]}}],"collection":[{"href":"https:\/\/zonaroja.com.mx\/index.php?rest_route=\/wp\/v2\/posts"}],"about":[{"href":"https:\/\/zonaroja.com.mx\/index.php?rest_route=\/wp\/v2\/types\/post"}],"author":[{"embeddable":true,"href":"https:\/\/zonaroja.com.mx\/index.php?rest_route=\/wp\/v2\/users\/2"}],"replies":[{"embeddable":true,"href":"https:\/\/zonaroja.com.mx\/index.php?rest_route=%2Fwp%2Fv2%2Fcomments&post=84502"}],"version-history":[{"count":1,"href":"https:\/\/zonaroja.com.mx\/index.php?rest_route=\/wp\/v2\/posts\/84502\/revisions"}],"predecessor-version":[{"id":84504,"href":"https:\/\/zonaroja.com.mx\/index.php?rest_route=\/wp\/v2\/posts\/84502\/revisions\/84504"}],"wp:featuredmedia":[{"embeddable":true,"href":"https:\/\/zonaroja.com.mx\/index.php?rest_route=\/wp\/v2\/media\/84503"}],"wp:attachment":[{"href":"https:\/\/zonaroja.com.mx\/index.php?rest_route=%2Fwp%2Fv2%2Fmedia&parent=84502"}],"wp:term":[{"taxonomy":"category","embeddable":true,"href":"https:\/\/zonaroja.com.mx\/index.php?rest_route=%2Fwp%2Fv2%2Fcategories&post=84502"},{"taxonomy":"post_tag","embeddable":true,"href":"https:\/\/zonaroja.com.mx\/index.php?rest_route=%2Fwp%2Fv2%2Ftags&post=84502"}],"curies":[{"name":"wp","href":"https:\/\/api.w.org\/{rel}","templated":true}]}}