{"id":84509,"date":"2025-09-11T08:15:00","date_gmt":"2025-09-11T14:15:00","guid":{"rendered":"https:\/\/zonaroja.com.mx\/?p=84509"},"modified":"2025-09-11T07:28:47","modified_gmt":"2025-09-11T13:28:47","slug":"arranca-en-xoxocotlan-oaxaca-impulsa-2025-territorio-que-transforma","status":"publish","type":"post","link":"https:\/\/zonaroja.com.mx\/?p=84509","title":{"rendered":"Arranca en Xoxocotl\u00e1n \u201cOaxaca Impulsa 2025: Territorio que Transforma\u201d"},"content":{"rendered":"\n<p>Redacci\u00f3n\/Zona Roja.&nbsp;<\/p>\n\n\n\n<p>Oaxaca, Oax., a 11 de septiembre de 2025.- Con el objetivo de fortalecer a las micro y peque\u00f1as empresas (MiPymes) de todo el estado, el gobernador Salom\u00f3n Jara Cruz dio el banderazo de inicio del programa \u201cOaxaca Impulsa 2025: Territorio que Transforma\u201d, en Santa Cruz Xoxocotl\u00e1n.<\/p>\n\n\n\n<p>La estrategia busca impactar de manera directa a tres mil 600 unidades econ\u00f3micas mediante asesor\u00edas, capacitaci\u00f3n, financiamiento y vinculaci\u00f3n productiva; dirigidas especialmente a mujeres, juventudes y pueblos ind\u00edgenas.<\/p>\n\n\n\n<p>A nombre del Gobierno del Estado, el titular de la Secretar\u00eda de Desarrollo Econ\u00f3mico (Sedeco), Ra\u00fal Ruiz Robles, se\u00f1al\u00f3 que este programa refleja uno de los compromisos de la Primavera Oaxaque\u00f1a: escuchar, acompa\u00f1ar y transformar desde las comunidades.<\/p>\n\n\n\n<p>\u201cEstamos convencidos de que solo con oportunidades reales lograremos un objetivo m\u00e1s fuerte, incluyente y competitivo. Estamos fortaleciendo la soberan\u00eda econ\u00f3mica del estado desde la base\u201d, expres\u00f3.<\/p>\n\n\n\n<p>Oaxaca Impulsa surgi\u00f3 en 2022 para vincular, profesionalizar y abrir puertas a los peque\u00f1os negocios de la entidad. El programa ha acercado servicios estrat\u00e9gicos a m\u00e1s de 24 mil MiPymes, de las cuales m\u00e1s del 56 por ciento son lideradas por mujeres en 393 municipios.<\/p>\n\n\n\n<p>En esta estrategia participan 49 aliados estrat\u00e9gicos como: Pro Mujer, Servicio de Administraci\u00f3n Tributaria (SAT), Coppel Emprende, Nacional Financiera, Mi Primera Chamba, Hecho en Oaxaca, Instituto Mexicano de la Propiedad Industrial (IMPI)y Financiera para el Bienestar, entre otros.<\/p>\n\n\n\n<p>Al respecto, la representante de la empresa Tostadas Nutitos, Yoselin Montecinos Olivera -beneficiaria de este programa- agradeci\u00f3 el apoyo otorgado por la Sedeco para fortalecer los productos y ofrecerlos a los mercados con calidad y confianza.<\/p>\n\n\n\n<p>\u201cAqu\u00ed encontrar\u00e1n aliados, herramientas y el camino para transformar sus sue\u00f1os en proyectos sostenibles y rentables. Es momento de demostrar que lo hecho en Oaxaca est\u00e1 bien hecho, con calidad y coraz\u00f3n\u201d, dijo.<\/p>\n\n\n\n<p>Algunas de las actividades que se realizan son: Mesas de negocios, Protege tu creatividad, Registra tu marca con el IMPI, Dise\u00f1o que envuelve, Haz que tu negocio brille, Identidad y redes sociales, as\u00ed como Proteger la salud impulsa el desarrollo.<\/p>\n\n\n\n<p>Con el arranque en Xoxocotl\u00e1n para negocios de Valles Centrales, los m\u00f3dulos llegar\u00e1n a la Cuenca del Papaloapan en septiembre; Mixteca y Sierra Sur en octubre; Costa e Istmo de Tehuantepec en noviembre.<\/p>\n\n\n\n<p>Estas acciones se suman al Eje 4 del Plan de Desarrollo Estatal 2022-2028: Crecimiento y Desarrollo Econ\u00f3mico para las Ocho Regiones. Tambi\u00e9n, est\u00e1n alineadas al Plan M\u00e9xico que impulsa el Gobierno Federal.<\/p>\n","protected":false},"excerpt":{"rendered":"<p>Redacci\u00f3n\/Zona Roja.&nbsp; Oaxaca, Oax., a 11 de septiembre de 2025.- Con el objetivo de fortalecer&hellip;<\/p>\n","protected":false},"author":2,"featured_media":84518,"comment_status":"closed","ping_status":"open","sticky":false,"template":"","format":"standard","meta":{"_lmt_disableupdate":"","_lmt_disable":"","_jetpack_memberships_contains_paid_content":false,"footnotes":""},"categories":[109,46],"tags":[939],"class_list":["post-84509","post","type-post","status-publish","format-standard","has-post-thumbnail","hentry","category-minuto-a-minuto","category-zona-blanca","tag-salomon-jara-cruz"],"jetpack_featured_media_url":"https:\/\/zonaroja.com.mx\/wp-content\/uploads\/2025\/09\/Salomon-Jara-y-Nancy-Benitez-inauguran-Oaxaca-Impulsa-para-fortalecer-economia-local-4.jpeg","jetpack_sharing_enabled":true,"_links":{"self":[{"href":"https:\/\/zonaroja.com.mx\/index.php?rest_route=\/wp\/v2\/posts\/84509","targetHints":{"allow":["GET"]}}],"collection":[{"href":"https:\/\/zonaroja.com.mx\/index.php?rest_route=\/wp\/v2\/posts"}],"about":[{"href":"https:\/\/zonaroja.com.mx\/index.php?rest_route=\/wp\/v2\/types\/post"}],"author":[{"embeddable":true,"href":"https:\/\/zonaroja.com.mx\/index.php?rest_route=\/wp\/v2\/users\/2"}],"replies":[{"embeddable":true,"href":"https:\/\/zonaroja.com.mx\/index.php?rest_route=%2Fwp%2Fv2%2Fcomments&post=84509"}],"version-history":[{"count":1,"href":"https:\/\/zonaroja.com.mx\/index.php?rest_route=\/wp\/v2\/posts\/84509\/revisions"}],"predecessor-version":[{"id":84513,"href":"https:\/\/zonaroja.com.mx\/index.php?rest_route=\/wp\/v2\/posts\/84509\/revisions\/84513"}],"wp:featuredmedia":[{"embeddable":true,"href":"https:\/\/zonaroja.com.mx\/index.php?rest_route=\/wp\/v2\/media\/84518"}],"wp:attachment":[{"href":"https:\/\/zonaroja.com.mx\/index.php?rest_route=%2Fwp%2Fv2%2Fmedia&parent=84509"}],"wp:term":[{"taxonomy":"category","embeddable":true,"href":"https:\/\/zonaroja.com.mx\/index.php?rest_route=%2Fwp%2Fv2%2Fcategories&post=84509"},{"taxonomy":"post_tag","embeddable":true,"href":"https:\/\/zonaroja.com.mx\/index.php?rest_route=%2Fwp%2Fv2%2Ftags&post=84509"}],"curies":[{"name":"wp","href":"https:\/\/api.w.org\/{rel}","templated":true}]}}