{"id":84514,"date":"2025-09-11T09:00:00","date_gmt":"2025-09-11T15:00:00","guid":{"rendered":"https:\/\/zonaroja.com.mx\/?p=84514"},"modified":"2025-09-11T07:23:39","modified_gmt":"2025-09-11T13:23:39","slug":"detienen-y-llevan-a-prision-a-pederasta-de-san-agustin-loxicha","status":"publish","type":"post","link":"https:\/\/zonaroja.com.mx\/?p=84514","title":{"rendered":"Detienen y llevan a prisi\u00f3n a pederasta de San Agust\u00edn Loxicha"},"content":{"rendered":"\n<p>Redacci\u00f3n\/Zona Roja.&nbsp;<\/p>\n\n\n\n<p>Oaxaca, Oax., a 11 de septiembre de 2025.- La Fiscal\u00eda General del Estado de Oaxaca (FGEO) obtuvo auto de vinculaci\u00f3n a proceso y prisi\u00f3n preventiva en contra de una persona del sexo masculino identificado como J.V.J.M., por el delito de pederastia, ocurrido en San Agust\u00edn Loxicha en la regi\u00f3n de la Costa.<\/p>\n\n\n\n<p>De acuerdo con el informe ministerial de la FGEO, los hechos ocurrieron el 2 de julio de 2025, cuando la v\u00edctima -una menor de dos a\u00f1os de edad, cuya identidad est\u00e1 reservada por ley- se encontraba un domicilio ubicado en el Barrio La Soledad de San Agust\u00edn Loxicha, lugar donde sucedi\u00f3 la agresi\u00f3n.<\/p>\n\n\n\n<p>La investigaci\u00f3n revela que un familiar de la v\u00edctima sorprendi\u00f3 al agresor y lo denunci\u00f3 ante las autoridades competentes.<\/p>\n\n\n\n<p>Una vez que la FGEO tom\u00f3 conocimiento del caso, inici\u00f3 las investigaciones ministeriales con perspectiva de infancia a trav\u00e9s de la Vicefiscal\u00eda Regional de la Costa, que obtuvo una orden de aprehensi\u00f3n gracias a la cual se logr\u00f3 su detenci\u00f3n.<\/p>\n\n\n\n<p>En audiencia, y tras evaluar los datos de prueba aportados por la Fiscal\u00eda de Oaxaca, el Juez de control dict\u00f3 auto de vinculaci\u00f3n a proceso en contra de J.V.J.M por el delito de pederastia, imponiendo la medida cautelar de prisi\u00f3n preventiva de oficio y otorgando un plazo de un mes para el cierre de la investigaci\u00f3n complementaria.<\/p>\n\n\n\n<p>DETENIDO POR DESPOJO&nbsp;<\/p>\n\n\n\n<p>En otro caso, la Fiscal\u00eda General ejecut\u00f3 una orden de aprehensi\u00f3n que permiti\u00f3 la detenci\u00f3n de una persona identificada como P.M.G., por el delito de despojo en perjuicio patrimonial de Y.E.V., y otros, cometido en la regi\u00f3n del Istmo de Tehuantepec.<\/p>\n\n\n\n<p>De acuerdo con la causa penal, los hechos ocurrieron el 27 de diciembre de 2018, cuando la v\u00edctima, en compa\u00f1\u00eda de otras personas, se encontraba trabajando en un predio ubicado en el paraje denominado Las Banderillas, perteneciente a Santa Mar\u00eda Petapa, lugar a donde lleg\u00f3 un grupo de personas que portaban armas de fuego, para desalojarlos de manera violenta y apoderarse del terreno.<\/p>\n\n\n\n<p>Ante estos hechos, la FGEO inici\u00f3 las investigaciones -a trav\u00e9s de la Vicefiscal\u00eda Regional del Istmo- que permitieron obtener la orden de aprehensi\u00f3n en contra de P.M.G., la cual fue ejecutada por Agentes Estatales de Investigaci\u00f3n (AEI) y elementos de la Secretar\u00eda de la Defensa Nacional para posteriormente ser puesto a disposici\u00f3n de la autoridad ministerial y con ello, resolver su situaci\u00f3n jur\u00eddica.<\/p>\n\n\n\n<p>VIOLENT\u00d3 A EMBARAZADA<\/p>\n\n\n\n<p>Por otra parte, en acciones coordinadas en combate a delitos contra la mujer, la Fiscal\u00eda General del Estado obtuvo prisi\u00f3n preventiva y auto de vinculaci\u00f3n a proceso en contra de una persona del sexo masculino identificado como J.A.V.V., por el delito de violencia de pareja, hechos cometidos en la regi\u00f3n de los Valles Centrales.<\/p>\n\n\n\n<p>De acuerdo con la carpeta de investigaci\u00f3n, los hechos ocurrieron el 25 y 26 de agosto de 2025, en un domicilio ubicado en la colonia Llano Verde de Santa Cruz Amilpas, lugar donde la v\u00edctima fue agredida&nbsp; de manera verbal y, posteriormente, atacada de manera f\u00edsica, pese a que ten\u00eda un embarazo de aproximadamente ocho semanas de gestaci\u00f3n.<\/p>\n\n\n\n<p>La investigaci\u00f3n detalla que despu\u00e9s de la \u00faltima agresi\u00f3n, la v\u00edctima escap\u00f3 de su domicilio y se refugi\u00f3 en la casa de una vecina para pedir auxilio y ser rescatada por elementos de la polic\u00eda municipal de la zona.<\/p>\n\n\n\n<p>Tras la denuncia y ante los golpes visibles, los elementos policiales realizaron la detenci\u00f3n de J.A.V.V., para despu\u00e9s ponerlo a disposici\u00f3n de la autoridad ministerial.<\/p>\n\n\n\n<p>Al tener conocimiento de los hechos, la FGEO inici\u00f3 las investigaciones correspondientes a trav\u00e9s de la Fiscal\u00eda Especializada en Delitos contra la Mujer por Raz\u00f3n de G\u00e9nero la cual, despu\u00e9s de realizar las primeras indagatorias, logr\u00f3 llevar ante el juez al hoy imputado para determinar su situaci\u00f3n jur\u00eddica.<\/p>\n\n\n\n<p>Tras el desahogo de pruebas aportadas por la FGEO, el Juez de la causa dict\u00f3 vinculaci\u00f3n a proceso en contra de J.A.V.V., por el delito de violencia de pareja, adem\u00e1s de imponer la medida cautelar de prisi\u00f3n preventiva justificada otorgando el plazo de un mes para el cierre de la investigaci\u00f3n complementaria.<\/p>\n","protected":false},"excerpt":{"rendered":"<p>Redacci\u00f3n\/Zona Roja.&nbsp; Oaxaca, Oax., a 11 de septiembre de 2025.- La Fiscal\u00eda General del Estado&hellip;<\/p>\n","protected":false},"author":2,"featured_media":84515,"comment_status":"closed","ping_status":"open","sticky":false,"template":"","format":"standard","meta":{"_lmt_disableupdate":"","_lmt_disable":"","_jetpack_memberships_contains_paid_content":false,"footnotes":""},"categories":[109,46],"tags":[494],"class_list":["post-84514","post","type-post","status-publish","format-standard","has-post-thumbnail","hentry","category-minuto-a-minuto","category-zona-blanca","tag-fiscalia-general-del-estado-de-oaxaca"],"jetpack_featured_media_url":"https:\/\/zonaroja.com.mx\/wp-content\/uploads\/2025\/09\/Detenido-peredastia-Fiscalia-Loxicha.jpeg","jetpack_sharing_enabled":true,"_links":{"self":[{"href":"https:\/\/zonaroja.com.mx\/index.php?rest_route=\/wp\/v2\/posts\/84514","targetHints":{"allow":["GET"]}}],"collection":[{"href":"https:\/\/zonaroja.com.mx\/index.php?rest_route=\/wp\/v2\/posts"}],"about":[{"href":"https:\/\/zonaroja.com.mx\/index.php?rest_route=\/wp\/v2\/types\/post"}],"author":[{"embeddable":true,"href":"https:\/\/zonaroja.com.mx\/index.php?rest_route=\/wp\/v2\/users\/2"}],"replies":[{"embeddable":true,"href":"https:\/\/zonaroja.com.mx\/index.php?rest_route=%2Fwp%2Fv2%2Fcomments&post=84514"}],"version-history":[{"count":1,"href":"https:\/\/zonaroja.com.mx\/index.php?rest_route=\/wp\/v2\/posts\/84514\/revisions"}],"predecessor-version":[{"id":84516,"href":"https:\/\/zonaroja.com.mx\/index.php?rest_route=\/wp\/v2\/posts\/84514\/revisions\/84516"}],"wp:featuredmedia":[{"embeddable":true,"href":"https:\/\/zonaroja.com.mx\/index.php?rest_route=\/wp\/v2\/media\/84515"}],"wp:attachment":[{"href":"https:\/\/zonaroja.com.mx\/index.php?rest_route=%2Fwp%2Fv2%2Fmedia&parent=84514"}],"wp:term":[{"taxonomy":"category","embeddable":true,"href":"https:\/\/zonaroja.com.mx\/index.php?rest_route=%2Fwp%2Fv2%2Fcategories&post=84514"},{"taxonomy":"post_tag","embeddable":true,"href":"https:\/\/zonaroja.com.mx\/index.php?rest_route=%2Fwp%2Fv2%2Ftags&post=84514"}],"curies":[{"name":"wp","href":"https:\/\/api.w.org\/{rel}","templated":true}]}}