{"id":84517,"date":"2025-09-11T10:00:00","date_gmt":"2025-09-11T16:00:00","guid":{"rendered":"https:\/\/zonaroja.com.mx\/?p=84517"},"modified":"2025-09-11T07:28:20","modified_gmt":"2025-09-11T13:28:20","slug":"mujeres-de-eloxochitlan-exigen-conceder-amparo-al-defensor-jacob-betanzos","status":"publish","type":"post","link":"https:\/\/zonaroja.com.mx\/?p=84517","title":{"rendered":"Mujeres de Eloxochitl\u00e1n exigen conceder amparo al defensor Jacob Betanzos\u00a0"},"content":{"rendered":"\n<p>Lisbeth Mej\u00eda Reyes\/Zona Roja.<\/p>\n\n\n\n<p>Oaxaca, Oax., a 11 de septiembre de 2025.- En la v\u00edspera de la audiencia constitucional, la familia del defensor mazateco Jaime Jacob Betanzos exigi\u00f3 este mi\u00e9rcoles al Poder Judicial concederle el amparo y dejar sin efectos las \u00f3rdenes de aprehensi\u00f3n que pesan sobre \u00e9l y otros 13 defensores de Eloxochitl\u00e1n de Flores Mag\u00f3n, comunidad de la regi\u00f3n Sierra de Flores Mag\u00f3n (antes Ca\u00f1ada), Oaxaca.<\/p>\n\n\n\n<p>En conferencia de prensa en la Ciudad de M\u00e9xico, la familia y a su vez integrante del grupo de Mujeres Mazatecas por la Libertad se\u00f1al\u00f3 que la audiencia de este 11 de septiembre ser\u00e1 un parteaguas para el Poder Judicial que preside el oaxaque\u00f1o Hugo Aguilar. Pero especialmente para el Tribunal de Disciplina Judicial de Boca del R\u00edo, Veracruz, a cargo de la magistrada Celia Maya Garc\u00eda. Es en este tribunal donde est\u00e1n en tr\u00e1mite los amparos de Betanzos y los otros13 defensores desplazados, as\u00ed como los amparos de las 56 personas sobre las que pesan m\u00e1s de 200 \u00f3rdenes de aprehensi\u00f3n.<\/p>\n\n\n\n<p>Jacob Betanzos, dijo su hermana y abogada Argelia, es el primer defensor mazateco perseguido desde hace m\u00e1s de 10 a\u00f1os a ra\u00edz de la criminalizaci\u00f3n ejercida por tres administraciones del gobierno estatal de Oaxaca y el grupo caciquil de Manuel Zepeda y la hija de este, la diputada local Elisa Zepeda, en Eloxochitl\u00e1n, en complicidad con la autoridades de justicia de la entidad.<\/p>\n\n\n\n<p>Argelia explic\u00f3 que a Jaime Jacob se le acusa de homicidio y de tentativa de homicidio en contra de la familia de Manuel Zepeda, por presuntos hechos ocurridos en diciembre de 2014 y avalados por el juzgado de Huautla de Jim\u00e9nez a pesar de las inconsistencias en las 8 declaraciones en su contra.&nbsp;<\/p>\n\n\n\n<p>\u00abEl caso de Jaime Jacob plantea el desaf\u00edo para la doctora Celia Maya Garc\u00eda porque va a ser el parteaguas entre 10 a\u00f1os de aqu\u00ed hacia atr\u00e1s de c\u00f3mo se ha vivido la persecuci\u00f3n, pero tambi\u00e9n los procesos penales de mujeres y hombres mazatecos criminalizados y de aqu\u00ed en adelante para ver c\u00f3mo se va a vivir la administraci\u00f3n de justicia desde los juzgados federales de Boca del R\u00edo, Veracruz\u00bb, explic\u00f3.<\/p>\n\n\n\n<p>De lograrse el amparo a favor de Jaime Jacob, la abogada considera que tambi\u00e9n se le conceder\u00e1 a los otros 13 defensores y se evitar\u00e1 la repetici\u00f3n de las violaciones sistem\u00e1ticas a los procesos penales y a los derechos humanos, as\u00ed como los desacatos a amparos federales, que han vivido ya 21 defensores (entre ellos una mujer) que han sido presos pol\u00edticos.<\/p>\n\n\n\n<p>Argelia record\u00f3 que adem\u00e1s de estos 14 defensores, la familia de la diputada Elisa Zepeda ha promovido m\u00e1s de 200 \u00f3rdenes de aprehensi\u00f3n, que se ha considerado v\u00edctima de presuntos ataques e intentos de homicidios.&nbsp;<\/p>\n\n\n\n<p>\u00abSer\u00eda quedarnos muy cortas echarle la responsabilidad \u00faltima al cacique Manuel Zepeda Cort\u00e9s. \u00c9l es totalmente responsable, pero en un caso como el de Eloxochitl\u00e1n de Flores Mag\u00f3n, en un caso de criminalizaci\u00f3n imparable, selectiva, brutal, no es posible que una criminalizaci\u00f3n as\u00ed se sostenga por un grupo caciquil. Han sido tres gobiernos estatales y el creador fue el de Gabino Cu\u00e9, el que gener\u00f3 la fabricaci\u00f3n de delitos y el que pact\u00f3 crear un nuevo grupo caciquil en Eloxochitl\u00e1n para el a\u00f1o 2011 y los aliados para esta estrategia fueron Manuel Zepeda y su hija Elisa Zepeda. Y el entonces esposo de Elisa Zepeda, David Tello Delgado\u00bb.<\/p>\n","protected":false},"excerpt":{"rendered":"<p>Lisbeth Mej\u00eda Reyes\/Zona Roja. Oaxaca, Oax., a 11 de septiembre de 2025.- En la v\u00edspera&hellip;<\/p>\n","protected":false},"author":2,"featured_media":84519,"comment_status":"closed","ping_status":"open","sticky":false,"template":"","format":"standard","meta":{"_lmt_disableupdate":"","_lmt_disable":"","_jetpack_memberships_contains_paid_content":false,"footnotes":""},"categories":[109,47],"tags":[719,4444],"class_list":["post-84517","post","type-post","status-publish","format-standard","has-post-thumbnail","hentry","category-minuto-a-minuto","category-zona-gris","tag-eloxochitlan-de-flores-magon","tag-mujeres-mazatecas-por-la-libertad"],"jetpack_featured_media_url":"https:\/\/zonaroja.com.mx\/wp-content\/uploads\/2025\/09\/Conferencia-mazatecas-Eloxochitlan.jpeg","jetpack_sharing_enabled":true,"_links":{"self":[{"href":"https:\/\/zonaroja.com.mx\/index.php?rest_route=\/wp\/v2\/posts\/84517","targetHints":{"allow":["GET"]}}],"collection":[{"href":"https:\/\/zonaroja.com.mx\/index.php?rest_route=\/wp\/v2\/posts"}],"about":[{"href":"https:\/\/zonaroja.com.mx\/index.php?rest_route=\/wp\/v2\/types\/post"}],"author":[{"embeddable":true,"href":"https:\/\/zonaroja.com.mx\/index.php?rest_route=\/wp\/v2\/users\/2"}],"replies":[{"embeddable":true,"href":"https:\/\/zonaroja.com.mx\/index.php?rest_route=%2Fwp%2Fv2%2Fcomments&post=84517"}],"version-history":[{"count":1,"href":"https:\/\/zonaroja.com.mx\/index.php?rest_route=\/wp\/v2\/posts\/84517\/revisions"}],"predecessor-version":[{"id":84520,"href":"https:\/\/zonaroja.com.mx\/index.php?rest_route=\/wp\/v2\/posts\/84517\/revisions\/84520"}],"wp:featuredmedia":[{"embeddable":true,"href":"https:\/\/zonaroja.com.mx\/index.php?rest_route=\/wp\/v2\/media\/84519"}],"wp:attachment":[{"href":"https:\/\/zonaroja.com.mx\/index.php?rest_route=%2Fwp%2Fv2%2Fmedia&parent=84517"}],"wp:term":[{"taxonomy":"category","embeddable":true,"href":"https:\/\/zonaroja.com.mx\/index.php?rest_route=%2Fwp%2Fv2%2Fcategories&post=84517"},{"taxonomy":"post_tag","embeddable":true,"href":"https:\/\/zonaroja.com.mx\/index.php?rest_route=%2Fwp%2Fv2%2Ftags&post=84517"}],"curies":[{"name":"wp","href":"https:\/\/api.w.org\/{rel}","templated":true}]}}