{"id":84521,"date":"2025-09-11T11:00:00","date_gmt":"2025-09-11T17:00:00","guid":{"rendered":"https:\/\/zonaroja.com.mx\/?p=84521"},"modified":"2025-09-11T07:40:34","modified_gmt":"2025-09-11T13:40:34","slug":"celebran-aprobacion-de-reformas-en-materia-de-revocacion-de-mandato","status":"publish","type":"post","link":"https:\/\/zonaroja.com.mx\/?p=84521","title":{"rendered":"Celebran aprobaci\u00f3n de reformas en materia de revocaci\u00f3n de mandato"},"content":{"rendered":"\n<p>Redacci\u00f3n\/Zona Roja.<\/p>\n\n\n\n<p>Oaxaca, Oax., a 11 de septiembre de 2025.- Las y los diputados locales de Morena y partidos aliados celebraron la aprobaci\u00f3n de las reformas en materia de revocaci\u00f3n de mandato por el Congreso del Estado, con lo cual se fortalece la democracia y se garantiza que el pueblo sea el verdadero protagonista de la transformaci\u00f3n al decidir con libertad y plena soberan\u00eda sobre el rumbo del gobierno, haciendo realidad el principio m\u00e1ximo donde \u201cEl pueblo pone y el pueblo quita\u201d.<\/p>\n\n\n\n<p>Con ello, manifestaron que se deja un mensaje contundente y claro de que en Oaxaca la voz del pueblo es la que decide, la que manda y la que cambia su realidad, sin poner en duda lo que ya se est\u00e1 transformando, por el contrario, significa fortalecer los principios del Movimiento de Regeneraci\u00f3n Nacional, de ser congruentes con el compromiso que el gobernador Salom\u00f3n Jara Cruz asumi\u00f3 desde que estuvo en campa\u00f1a, de someterse a la voluntad popular al llegar a la mitad de su mandando.<\/p>\n\n\n\n<p>El coordinador del Grupo Parlamentario de Morena en la 66 Legislatura Constitucional, diputado Benjam\u00edn Viveros Montalvo, destac\u00f3 que con las modificaciones hechas a la Constituci\u00f3n Pol\u00edtica Local y a la Ley de Revocaci\u00f3n de Mandato para el Estado, Oaxaca cuenta con reglas firmes que permitir\u00e1n garantizar una democracia m\u00e1s participativa, transparente y ciudadana.<\/p>\n\n\n\n<p>Calific\u00f3 esta acci\u00f3n legislativa de hist\u00f3rica, pues dijo categ\u00f3rico, que no se trata de cumplir el capricho de un pol\u00edtico, sino de hacer valer la voz del pueblo \u201clo que votamos es trascendente e hist\u00f3rico porque como nunca antes la inconformidad ciudadana se podr\u00e1 materializar a trav\u00e9s del voto libre y secreto el d\u00eda que se lleve a cabo este mecanismo de participaci\u00f3n ciudadana\u201d.<\/p>\n\n\n\n<p>Durante la Sesi\u00f3n Ordinaria resalt\u00f3 que, como representantes populares su trabajo no es quedar bien con una persona, sino dar respuestas a la ciudadan\u00eda \u201cpor primera vez Oaxaca tiene un gobierno del pueblo que da respuesta a sus necesidades, y tambi\u00e9n, por primera vez Oaxaca tiene un gobierno que se someter\u00e1 a la revocaci\u00f3n del mandato\u201d.<\/p>\n\n\n\n<p>Adelant\u00f3 que ahora se abre la posibilidad para que las y los oaxaque\u00f1as decidan el rumbo de su gobierno. Cit\u00f3 que la jornada se realizar\u00e1 en una fecha distinta a cualquier proceso electoral y el resultado ser\u00e1 vinculante \u00fanicamente con la participaci\u00f3n m\u00ednima del 40% de la mayor\u00eda absoluta en la votaci\u00f3n, con lo cual, se garantiza un procedimiento serio y con plena validez legal.<\/p>\n\n\n\n<p>Las y los diputados del partido guinda, as\u00ed como de los Grupos Parlamentarios del Partido Verde Ecologista de M\u00e9xico (PVEM), Grupo Plural y Fuerza por Oaxaca, subrayaron que este mecanismo ya ha demostrado su eficiencia a nivel nacional cuando el pueblo de M\u00e9xico decidi\u00f3 sobre la continuidad del entonces presidente Andr\u00e9s Manuel L\u00f3pez Obrador y ahora Oaxaca puede hacer historia con este ejercicio democr\u00e1tico.<\/p>\n\n\n\n<p>En tribuna reafirmaron su compromiso con la rendici\u00f3n de cuentas y el respeto al mandato popular bajo el argumento de que la democracia se fortalece con leyes que devuelven el poder a la ciudadan\u00eda.<\/p>\n\n\n\n<p>Sostuvieron que legislaron con responsabilidad, defendiendo el derecho del pueblo a evaluar, decidir y exigir resultados a sus gobernantes, evitando caer en propuestas que buscaban debilitar este instrumento s\u00f3lido, claro y leg\u00edtimo de gran relevancia.<\/p>\n\n\n\n<p>Adem\u00e1s, de puntualizar que este momento no es producto de la simulaci\u00f3n, sino de una convicci\u00f3n profunda que el poder solo tiene sentido cuando se sirve, escucha y se rinde cuentas como lo hace hoy el gobierno de la Primavera Oaxaque\u00f1a.<\/p>\n\n\n\n<p>Asimismo, hicieron la invitaci\u00f3n a las y los oaxaque\u00f1os de hacer efectivo este derecho participando en este ejercicio y seguir consolidando este proceso hist\u00f3rico con compromiso y amor por Oaxaca, para que contin\u00fae el gobierno de territorio, de bienestar y el progreso, que recorre los 570 municipios.<\/p>\n","protected":false},"excerpt":{"rendered":"<p>Redacci\u00f3n\/Zona Roja. Oaxaca, Oax., a 11 de septiembre de 2025.- Las y los diputados locales&hellip;<\/p>\n","protected":false},"author":2,"featured_media":84511,"comment_status":"closed","ping_status":"open","sticky":false,"template":"","format":"standard","meta":{"_lmt_disableupdate":"","_lmt_disable":"","_jetpack_memberships_contains_paid_content":false,"footnotes":""},"categories":[109,46],"tags":[3664],"class_list":["post-84521","post","type-post","status-publish","format-standard","has-post-thumbnail","hentry","category-minuto-a-minuto","category-zona-blanca","tag-benjamin-viveros-montalvo"],"jetpack_featured_media_url":"https:\/\/zonaroja.com.mx\/wp-content\/uploads\/2025\/09\/Benjamin-Viveros-revocacion-de-mandato.jpeg","jetpack_sharing_enabled":true,"_links":{"self":[{"href":"https:\/\/zonaroja.com.mx\/index.php?rest_route=\/wp\/v2\/posts\/84521","targetHints":{"allow":["GET"]}}],"collection":[{"href":"https:\/\/zonaroja.com.mx\/index.php?rest_route=\/wp\/v2\/posts"}],"about":[{"href":"https:\/\/zonaroja.com.mx\/index.php?rest_route=\/wp\/v2\/types\/post"}],"author":[{"embeddable":true,"href":"https:\/\/zonaroja.com.mx\/index.php?rest_route=\/wp\/v2\/users\/2"}],"replies":[{"embeddable":true,"href":"https:\/\/zonaroja.com.mx\/index.php?rest_route=%2Fwp%2Fv2%2Fcomments&post=84521"}],"version-history":[{"count":1,"href":"https:\/\/zonaroja.com.mx\/index.php?rest_route=\/wp\/v2\/posts\/84521\/revisions"}],"predecessor-version":[{"id":84522,"href":"https:\/\/zonaroja.com.mx\/index.php?rest_route=\/wp\/v2\/posts\/84521\/revisions\/84522"}],"wp:featuredmedia":[{"embeddable":true,"href":"https:\/\/zonaroja.com.mx\/index.php?rest_route=\/wp\/v2\/media\/84511"}],"wp:attachment":[{"href":"https:\/\/zonaroja.com.mx\/index.php?rest_route=%2Fwp%2Fv2%2Fmedia&parent=84521"}],"wp:term":[{"taxonomy":"category","embeddable":true,"href":"https:\/\/zonaroja.com.mx\/index.php?rest_route=%2Fwp%2Fv2%2Fcategories&post=84521"},{"taxonomy":"post_tag","embeddable":true,"href":"https:\/\/zonaroja.com.mx\/index.php?rest_route=%2Fwp%2Fv2%2Ftags&post=84521"}],"curies":[{"name":"wp","href":"https:\/\/api.w.org\/{rel}","templated":true}]}}