{"id":84523,"date":"2025-09-11T12:00:00","date_gmt":"2025-09-11T18:00:00","guid":{"rendered":"https:\/\/zonaroja.com.mx\/?p=84523"},"modified":"2025-09-11T07:49:34","modified_gmt":"2025-09-11T13:49:34","slug":"veracruz-atacan-con-drones-casa-de-alcalde-electo-y-asesinan-a-excandidato-de-morena","status":"publish","type":"post","link":"https:\/\/zonaroja.com.mx\/?p=84523","title":{"rendered":"Veracruz: atacan con drones casa de alcalde electo y asesinan a excandidato de Morena"},"content":{"rendered":"\n<p>Redacci\u00f3n\/Zona Roja Cdmx.<\/p>\n\n\n\n<p>Ciudad de M\u00e9xico, a 11 de septiembre de 2025.- En un solo d\u00eda, el alcalde electo y panista de Coxquihui, Lauro Becerra Garc\u00eda, fue atacado en su domicilio, mientras que el excandidato de Morena por ese mismo municipio, Ram\u00f3n Valencia, fue hallado sin vida.<\/p>\n\n\n\n<p>Ambos hechos se presentaron en el municipio al norte del estado de Veracruz este mi\u00e9rcoles 10 de septiembre, lo que gener\u00f3 una fuerte movilizaci\u00f3n por parte de la ciudadan\u00eda, quienes han expresado su temor.<\/p>\n\n\n\n<p>Valencia P\u00e9rez estaba desaparecido desde el pasado lunes, sin que se tuviera noticias de \u00e9l. Pero durante la madrugada fueron localizados dos cuerpos humanos en la carretera entre El Espinal y Coxquihui y finalmente la Fiscal\u00eda General del Estado confirm\u00f3 que fue uno de ellos.<\/p>\n\n\n\n<p>\u201cUn equipo multidisciplinario forense realiz\u00f3 las diligencias correspondientes y confirm\u00f3 que dichos elementos pertenecen a dos v\u00edctimas. Una de ellas ya fue identificada oficialmente con las iniciales R.V.P. Mientras que la segunda permanece en calidad de no identificada\u201d, indic\u00f3 la FGE sobre el excandidato, quien era hijo de Germ\u00e1n Anuar Valencia, tambi\u00e9n excandidato de Morena al municipio que fue asesinado el primer d\u00eda de campa\u00f1as.<\/p>\n\n\n\n<p>Mientras que durante la ma\u00f1ana de este mi\u00e9rcoles, sujetos armados atacaron la casa del alcalde electo con drones y disparos. La vivienda se encuentra a tan solo dos cuadras del Palacio Municipal y muy cerca de una primaria biling\u00fce que se encontraba en clase en ese momento.<\/p>\n\n\n\n<p>A trav\u00e9s de rede sociales se han difundido videos de la forma en que las personas corren intentando ponerse a salvo de ese ataque y la primaria tuvo que suspender las clases por seguridad.<\/p>\n\n\n\n<p>\u201cDesde el Partido Acci\u00f3n Nacional condenamos en\u00e9rgicamente la agresi\u00f3n registrada este d\u00eda en el domicilio del alcalde electo de Coxquihui, Lauro Becerra Garc\u00eda. Estos hechos de violencia ponen en riesgo su vida y la de su familia, y confirman la grave crisis de inseguridad que vive Veracruz\u201d, se\u00f1al\u00f3 el PAN en un comunicado.<\/p>\n\n\n\n<p>A\u00f1adi\u00f3 que desde el 4 de agosto solicitaron medidas de protecci\u00f3n para el alcalde electo debido a la violencia que se ha presentado en la zona.<\/p>\n\n\n\n<p>Debido a los actos de violencia, el ayuntamiento de Coxquihui tom\u00f3 la decisi\u00f3n de suspender todos los festejos patrios, tales como el Grito de Independencia y el Desfile C\u00edvico- Militar.<\/p>\n\n\n\n<p>(Informaci\u00f3n de \u201cEl Financiero\u201d)<\/p>\n","protected":false},"excerpt":{"rendered":"<p>Redacci\u00f3n\/Zona Roja Cdmx. Ciudad de M\u00e9xico, a 11 de septiembre de 2025.- En un solo&hellip;<\/p>\n","protected":false},"author":2,"featured_media":84524,"comment_status":"closed","ping_status":"open","sticky":false,"template":"","format":"standard","meta":{"_lmt_disableupdate":"","_lmt_disable":"","_jetpack_memberships_contains_paid_content":false,"footnotes":""},"categories":[109,51],"tags":[4445],"class_list":["post-84523","post","type-post","status-publish","format-standard","has-post-thumbnail","hentry","category-minuto-a-minuto","category-zona-roja","tag-violencia-veracruz"],"jetpack_featured_media_url":"https:\/\/zonaroja.com.mx\/wp-content\/uploads\/2025\/09\/Violencia-policia-Veracruz.jpg","jetpack_sharing_enabled":true,"_links":{"self":[{"href":"https:\/\/zonaroja.com.mx\/index.php?rest_route=\/wp\/v2\/posts\/84523","targetHints":{"allow":["GET"]}}],"collection":[{"href":"https:\/\/zonaroja.com.mx\/index.php?rest_route=\/wp\/v2\/posts"}],"about":[{"href":"https:\/\/zonaroja.com.mx\/index.php?rest_route=\/wp\/v2\/types\/post"}],"author":[{"embeddable":true,"href":"https:\/\/zonaroja.com.mx\/index.php?rest_route=\/wp\/v2\/users\/2"}],"replies":[{"embeddable":true,"href":"https:\/\/zonaroja.com.mx\/index.php?rest_route=%2Fwp%2Fv2%2Fcomments&post=84523"}],"version-history":[{"count":1,"href":"https:\/\/zonaroja.com.mx\/index.php?rest_route=\/wp\/v2\/posts\/84523\/revisions"}],"predecessor-version":[{"id":84525,"href":"https:\/\/zonaroja.com.mx\/index.php?rest_route=\/wp\/v2\/posts\/84523\/revisions\/84525"}],"wp:featuredmedia":[{"embeddable":true,"href":"https:\/\/zonaroja.com.mx\/index.php?rest_route=\/wp\/v2\/media\/84524"}],"wp:attachment":[{"href":"https:\/\/zonaroja.com.mx\/index.php?rest_route=%2Fwp%2Fv2%2Fmedia&parent=84523"}],"wp:term":[{"taxonomy":"category","embeddable":true,"href":"https:\/\/zonaroja.com.mx\/index.php?rest_route=%2Fwp%2Fv2%2Fcategories&post=84523"},{"taxonomy":"post_tag","embeddable":true,"href":"https:\/\/zonaroja.com.mx\/index.php?rest_route=%2Fwp%2Fv2%2Ftags&post=84523"}],"curies":[{"name":"wp","href":"https:\/\/api.w.org\/{rel}","templated":true}]}}