{"id":84528,"date":"2025-09-11T14:00:00","date_gmt":"2025-09-11T20:00:00","guid":{"rendered":"https:\/\/zonaroja.com.mx\/?p=84528"},"modified":"2025-09-11T08:09:54","modified_gmt":"2025-09-11T14:09:54","slug":"gobierno-y-semar-coordinan-acciones-para-reactivar-el-turismo-en-tututepec","status":"publish","type":"post","link":"https:\/\/zonaroja.com.mx\/?p=84528","title":{"rendered":"Gobierno y Semar coordinan acciones para reactivar el turismo en Tututepec"},"content":{"rendered":"\n<p>Redacci\u00f3n\/Zona Roja.<\/p>\n\n\n\n<p>Oaxaca, Oax., a 11 de septiembre de 2025.- Personal del gobierno de Oaxaca y de la Secretar\u00eda de Marina (Semar) realizaron una gira de supervisi\u00f3n en el municipio de Villa de Tututepec, para atender la reactivaci\u00f3n de localidades afectadas por el impacto del hurac\u00e1n \u201c\u00c9rick\u201d, que dependen en su gran mayor\u00eda de los ingresos por la llegada de visitantes.<\/p>\n\n\n\n<p>En este recorrido por las comunidades de Chacahua Gr\u00faa, Chacahua Isla, El Zapotalito y El Corral, la titular de la Secretar\u00eda de Turismo estatal, Saymi Pineda Velasco afirm\u00f3 que el gobierno de Salom\u00f3n Jara Cruz ha atendido de manera inmediata y permanente a estas comunidades de la regi\u00f3n Costa.<\/p>\n\n\n\n<p>\u201cSeguimos trabajando con firmeza en la restauraci\u00f3n de nuestros destinos tur\u00edsticos para generar el bienestar de las y los oaxaque\u00f1os. Hoy damos seguimiento a los acuerdos impulsados en coordinaci\u00f3n con la Secretar\u00eda de Turismo del Gobierno de M\u00e9xico, que encabeza Josefina Rodr\u00edguez Zamora\u201d, destac\u00f3.<\/p>\n\n\n\n<p>Durante la jornada de trabajo, el subsecretario de Marina, Jos\u00e9 Barradas Cobos se\u00f1al\u00f3 que est\u00e1 vigente el compromiso de la Presidenta de M\u00e9xico Claudia Sheinbaum Pardo con la poblaci\u00f3n que padece los estragos del paso de Erick.<\/p>\n\n\n\n<p>Enfatiz\u00f3 que existe un trabajo constante y coordinado con el Gobierno de Oaxaca y las autoridades municipales para atender las necesidades de las localidades.<\/p>\n\n\n\n<p>A esta actividad acudieron el presidente municipal de Villa de Tututepec de Melchor Ocampo, Eder Mu\u00f1oz Pe\u00f1a y el representante de la Zona Naval de Huatulco, \u00d3scar Vinalay.<\/p>\n","protected":false},"excerpt":{"rendered":"<p>Redacci\u00f3n\/Zona Roja. Oaxaca, Oax., a 11 de septiembre de 2025.- Personal del gobierno de Oaxaca&hellip;<\/p>\n","protected":false},"author":2,"featured_media":84510,"comment_status":"closed","ping_status":"open","sticky":false,"template":"","format":"standard","meta":{"_lmt_disableupdate":"","_lmt_disable":"","_jetpack_memberships_contains_paid_content":false,"footnotes":""},"categories":[109,46],"tags":[2714,1031],"class_list":["post-84528","post","type-post","status-publish","format-standard","has-post-thumbnail","hentry","category-minuto-a-minuto","category-zona-blanca","tag-saymi-pineda-velasco","tag-secretaria-de-turismo-oaxaca"],"jetpack_featured_media_url":"https:\/\/zonaroja.com.mx\/wp-content\/uploads\/2025\/09\/Saymi-Pinera-y-Marina-Costa.jpeg","jetpack_sharing_enabled":true,"_links":{"self":[{"href":"https:\/\/zonaroja.com.mx\/index.php?rest_route=\/wp\/v2\/posts\/84528","targetHints":{"allow":["GET"]}}],"collection":[{"href":"https:\/\/zonaroja.com.mx\/index.php?rest_route=\/wp\/v2\/posts"}],"about":[{"href":"https:\/\/zonaroja.com.mx\/index.php?rest_route=\/wp\/v2\/types\/post"}],"author":[{"embeddable":true,"href":"https:\/\/zonaroja.com.mx\/index.php?rest_route=\/wp\/v2\/users\/2"}],"replies":[{"embeddable":true,"href":"https:\/\/zonaroja.com.mx\/index.php?rest_route=%2Fwp%2Fv2%2Fcomments&post=84528"}],"version-history":[{"count":1,"href":"https:\/\/zonaroja.com.mx\/index.php?rest_route=\/wp\/v2\/posts\/84528\/revisions"}],"predecessor-version":[{"id":84529,"href":"https:\/\/zonaroja.com.mx\/index.php?rest_route=\/wp\/v2\/posts\/84528\/revisions\/84529"}],"wp:featuredmedia":[{"embeddable":true,"href":"https:\/\/zonaroja.com.mx\/index.php?rest_route=\/wp\/v2\/media\/84510"}],"wp:attachment":[{"href":"https:\/\/zonaroja.com.mx\/index.php?rest_route=%2Fwp%2Fv2%2Fmedia&parent=84528"}],"wp:term":[{"taxonomy":"category","embeddable":true,"href":"https:\/\/zonaroja.com.mx\/index.php?rest_route=%2Fwp%2Fv2%2Fcategories&post=84528"},{"taxonomy":"post_tag","embeddable":true,"href":"https:\/\/zonaroja.com.mx\/index.php?rest_route=%2Fwp%2Fv2%2Ftags&post=84528"}],"curies":[{"name":"wp","href":"https:\/\/api.w.org\/{rel}","templated":true}]}}