{"id":84541,"date":"2025-09-11T17:50:07","date_gmt":"2025-09-11T23:50:07","guid":{"rendered":"https:\/\/zonaroja.com.mx\/?p=84541"},"modified":"2025-09-11T17:50:07","modified_gmt":"2025-09-11T23:50:07","slug":"personal-del-issste-oaxaca-reclama-plazas-asignadas-a-la-seccion-22","status":"publish","type":"post","link":"https:\/\/zonaroja.com.mx\/?p=84541","title":{"rendered":"Personal del ISSSTE Oaxaca reclama plazas asignadas a la Secci\u00f3n 22"},"content":{"rendered":"\n<p>Lisbeth Mej\u00eda Reyes\/Zona Roja.<\/p>\n\n\n\n<p>Oaxaca, Oax., a 11 de septiembre de 2025.- El Sindicato Nacional de Trabajadores del Instituto de Seguridad y Servicios Sociales de los Trabajadores del Estado (ISSSTE) se manifest\u00f3 este jueves en la ciudad de Oaxaca para denunciar que la Secci\u00f3n 22 del Sindicato Nacional de Trabajadores de la Educaci\u00f3n (SNTE) se apropi\u00f3 de las plazas que les correspond\u00edan a sus compa\u00f1eros que est\u00e1n en la bolsa de trabajo.<\/p>\n\n\n\n<p>Con el cierre de las subdelegaci\u00f3n de servicios y otras oficinas del ISSSTE en la colonia Reforma, denunciaron que de las 17 plazas 70\/71, la Secci\u00f3n 22 tom\u00f3 16 puestos para otorgarlos a personas que no est\u00e1n en la bolsa de trabajo ni han cumplido los requisitos para sus contrataci\u00f3n.<\/p>\n\n\n\n<p>Esto, dijeron, ha dejado de lado al personal eventual que s\u00ed ha cubierto los requisitos, por ejemplo, el de antig\u00fcedad y haber laborado durante la pandemia.<\/p>\n\n\n\n<p>La protesta de los empleados en la subdelegaci\u00f3n del ISSSTE, en la calle de Gardenias, dej\u00f3 sin servicio a decenas de jubiladas y jubilados que diariamente acuden desde diversas partes del estado a realizar sus tr\u00e1mites, varios de ellos incluso pernoctan a las afueras de las oficinas para conseguir un turno.<\/p>\n\n\n\n<p>La manifestaci\u00f3n de este d\u00eda, a cargo de la Secci\u00f3n 25 del sindicato del ISSSTE, ocurri\u00f3 despu\u00e9s de las que inici\u00f3 el pasado mi\u00e9rcoles personal de la Cl\u00ednica-Hospital del ISSSTE de Tehuantepec y el personal eventual del Hospital Regional Precisamente Ju\u00e1rez del ISSSTE en la ciudad de Oaxaca.&nbsp;<\/p>\n\n\n\n<p>En ambos casos, para denunciar la intromisi\u00f3n de la Secci\u00f3n 22 en la asignaci\u00f3n de plazas federales de las claves 70\/71 para el periodo del 1 de agosto al 31 de diciembre de este a\u00f1o.<\/p>\n\n\n\n<p>En un documento de fecha 5 de septiembre, la Secci\u00f3n 25 del sindicato de trabajadores del ISSSTE en Oaxaca pidi\u00f3 la intervenci\u00f3n del Comit\u00e9 Ejecutivo Nacional del sindicato, Norma Liliana Rodr\u00edguez Arg\u00fcelles, para revocar la plazas a la Secci\u00f3n 22 y estas se asignen al personal registrado en la bolsa de trabajo del ISSSTE.<\/p>\n\n\n\n<p>El sindicato del ISSSTE advirti\u00f3 que intensificar\u00e1 su protesta en los pr\u00f3ximos d\u00edas con m\u00e1s compa\u00f1eros de la regi\u00f3n Costa.<\/p>\n\n\n\n<p>REFUTAN RECLAMOS<\/p>\n\n\n\n<p>A trav\u00e9s de una denuncia ciudadana, un grupo de jubilados y pensionados, de la tercera edad, denunci\u00f3 que por esta manifestaci\u00f3n en la Subdelegaci\u00f3n de Prestaciones son ellos los m\u00e1s afectados, pues muchos han tenido que viajar desde comunidades lejanas y se han encontrado con oficinas tomadas y sin servicio. Adem\u00e1s de se\u00f1alar que en otras ocasiones tambi\u00e9n han sufrido de malos tratos por parte del personal de la subdelegaci\u00f3n.<\/p>\n\n\n\n<p>Tambi\u00e9n acusaron a una de las empleadas de la subdelegaci\u00f3n, Esther Merino Badiola, de lucrar con su puesto en la subdelegaci\u00f3n para hacer tr\u00e1mites fuera de las oficinas y de, presuntamente, beneficiarse con la venta de plazas. \u00abHacemos un llamado al se\u00f1or Mart\u00ed Batres, para intervenir y no permitir que este tipo de chantajes por la se\u00f1ora Esther Merino, y que liberen el edificio para que nuestros familiares puedan ser atendidos, hacemos un llamado a la encargada de la Subdelegaci\u00f3n para que no permita este tipo de chantajes\u00bb, expresaron.<\/p>\n","protected":false},"excerpt":{"rendered":"<p>Lisbeth Mej\u00eda Reyes\/Zona Roja. Oaxaca, Oax., a 11 de septiembre de 2025.- El Sindicato Nacional&hellip;<\/p>\n","protected":false},"author":2,"featured_media":84540,"comment_status":"closed","ping_status":"open","sticky":false,"template":"","format":"standard","meta":{"_lmt_disableupdate":"","_lmt_disable":"","_jetpack_memberships_contains_paid_content":false,"footnotes":""},"categories":[109,47],"tags":[],"class_list":["post-84541","post","type-post","status-publish","format-standard","has-post-thumbnail","hentry","category-minuto-a-minuto","category-zona-gris"],"jetpack_featured_media_url":"https:\/\/zonaroja.com.mx\/wp-content\/uploads\/2025\/09\/59d71d3a-d036-436f-814b-4ad4651ee0b4.jpg","jetpack_sharing_enabled":true,"_links":{"self":[{"href":"https:\/\/zonaroja.com.mx\/index.php?rest_route=\/wp\/v2\/posts\/84541","targetHints":{"allow":["GET"]}}],"collection":[{"href":"https:\/\/zonaroja.com.mx\/index.php?rest_route=\/wp\/v2\/posts"}],"about":[{"href":"https:\/\/zonaroja.com.mx\/index.php?rest_route=\/wp\/v2\/types\/post"}],"author":[{"embeddable":true,"href":"https:\/\/zonaroja.com.mx\/index.php?rest_route=\/wp\/v2\/users\/2"}],"replies":[{"embeddable":true,"href":"https:\/\/zonaroja.com.mx\/index.php?rest_route=%2Fwp%2Fv2%2Fcomments&post=84541"}],"version-history":[{"count":1,"href":"https:\/\/zonaroja.com.mx\/index.php?rest_route=\/wp\/v2\/posts\/84541\/revisions"}],"predecessor-version":[{"id":84542,"href":"https:\/\/zonaroja.com.mx\/index.php?rest_route=\/wp\/v2\/posts\/84541\/revisions\/84542"}],"wp:featuredmedia":[{"embeddable":true,"href":"https:\/\/zonaroja.com.mx\/index.php?rest_route=\/wp\/v2\/media\/84540"}],"wp:attachment":[{"href":"https:\/\/zonaroja.com.mx\/index.php?rest_route=%2Fwp%2Fv2%2Fmedia&parent=84541"}],"wp:term":[{"taxonomy":"category","embeddable":true,"href":"https:\/\/zonaroja.com.mx\/index.php?rest_route=%2Fwp%2Fv2%2Fcategories&post=84541"},{"taxonomy":"post_tag","embeddable":true,"href":"https:\/\/zonaroja.com.mx\/index.php?rest_route=%2Fwp%2Fv2%2Ftags&post=84541"}],"curies":[{"name":"wp","href":"https:\/\/api.w.org\/{rel}","templated":true}]}}