{"id":84543,"date":"2025-09-11T21:04:16","date_gmt":"2025-09-12T03:04:16","guid":{"rendered":"https:\/\/zonaroja.com.mx\/?p=84543"},"modified":"2025-09-11T21:04:18","modified_gmt":"2025-09-12T03:04:18","slug":"asesinan-a-un-individuo-en-la-region-costa-y-otro-en-valles-centrales","status":"publish","type":"post","link":"https:\/\/zonaroja.com.mx\/?p=84543","title":{"rendered":"Asesinan a un individuo en la regi\u00f3n Costa y otro en Valles Centrales"},"content":{"rendered":"\n<p>Raymundo Morales\/Zona Roja.<\/p>\n\n\n\n<p>Oaxaca, Oax., a 11 de septiembre de 2025.- Dos personas fueron asesinadas este jueves, coincidentemente en el interior de su respectivo veh\u00edculo, en hechos ocurridos en las regiones Costa y Valles Centrales de Oaxaca.<\/p>\n\n\n\n<p>Un caso ocurri\u00f3 durante la ma\u00f1ana en la avenida \u00c1lvaro Carrillo del fraccionamiento Agua Marina de Puerto Escondido, agencia municipal de San Pedro Mixtepec.<\/p>\n\n\n\n<p>La v\u00edctima fue atacada en el interior de su camioneta, por parte de sujetos desconocidos, que lograron huir; hasta el momento no ha sido identificada formalmente.<\/p>\n\n\n\n<p>Tambi\u00e9n por la ma\u00f1ana pero en el municipio de San Agust\u00edn, Etla, dos personas fueron agredidas a balazos en el interior de su unidad de motor, en la calle Independencia.<\/p>\n\n\n\n<p>En el lugar perdi\u00f3 la vida Juan Eduardo \u201cN\u201d, de aproximadamente 40 a\u00f1os de edad, mientras que su acompa\u00f1ante fue trasladado a un hospital; de acuerdo con los pobladores, se dedicaban a actividades il\u00edcitas.<\/p>\n\n\n\n<p>Ambos casos ya son investigados por la Fiscal\u00eda General del Estado de Oaxaca, con la finalidad de esclarecer los hechos y dar con el paradero de los responsables de los respectivo cr\u00edmenes.<\/p>\n","protected":false},"excerpt":{"rendered":"<p>Raymundo Morales\/Zona Roja. Oaxaca, Oax., a 11 de septiembre de 2025.- Dos personas fueron asesinadas&hellip;<\/p>\n","protected":false},"author":2,"featured_media":84544,"comment_status":"closed","ping_status":"open","sticky":false,"template":"","format":"standard","meta":{"_lmt_disableupdate":"","_lmt_disable":"","_jetpack_memberships_contains_paid_content":false,"footnotes":""},"categories":[109,51],"tags":[590],"class_list":["post-84543","post","type-post","status-publish","format-standard","has-post-thumbnail","hentry","category-minuto-a-minuto","category-zona-roja","tag-puerto-escondido"],"jetpack_featured_media_url":"https:\/\/zonaroja.com.mx\/wp-content\/uploads\/2025\/09\/Ejecutado-San-Agustin-Etla.jpeg","jetpack_sharing_enabled":true,"_links":{"self":[{"href":"https:\/\/zonaroja.com.mx\/index.php?rest_route=\/wp\/v2\/posts\/84543","targetHints":{"allow":["GET"]}}],"collection":[{"href":"https:\/\/zonaroja.com.mx\/index.php?rest_route=\/wp\/v2\/posts"}],"about":[{"href":"https:\/\/zonaroja.com.mx\/index.php?rest_route=\/wp\/v2\/types\/post"}],"author":[{"embeddable":true,"href":"https:\/\/zonaroja.com.mx\/index.php?rest_route=\/wp\/v2\/users\/2"}],"replies":[{"embeddable":true,"href":"https:\/\/zonaroja.com.mx\/index.php?rest_route=%2Fwp%2Fv2%2Fcomments&post=84543"}],"version-history":[{"count":1,"href":"https:\/\/zonaroja.com.mx\/index.php?rest_route=\/wp\/v2\/posts\/84543\/revisions"}],"predecessor-version":[{"id":84545,"href":"https:\/\/zonaroja.com.mx\/index.php?rest_route=\/wp\/v2\/posts\/84543\/revisions\/84545"}],"wp:featuredmedia":[{"embeddable":true,"href":"https:\/\/zonaroja.com.mx\/index.php?rest_route=\/wp\/v2\/media\/84544"}],"wp:attachment":[{"href":"https:\/\/zonaroja.com.mx\/index.php?rest_route=%2Fwp%2Fv2%2Fmedia&parent=84543"}],"wp:term":[{"taxonomy":"category","embeddable":true,"href":"https:\/\/zonaroja.com.mx\/index.php?rest_route=%2Fwp%2Fv2%2Fcategories&post=84543"},{"taxonomy":"post_tag","embeddable":true,"href":"https:\/\/zonaroja.com.mx\/index.php?rest_route=%2Fwp%2Fv2%2Ftags&post=84543"}],"curies":[{"name":"wp","href":"https:\/\/api.w.org\/{rel}","templated":true}]}}