{"id":8455,"date":"2020-02-05T21:11:56","date_gmt":"2020-02-06T03:11:56","guid":{"rendered":"http:\/\/www.zonaroja.com.mx\/?p=8455"},"modified":"2020-02-05T21:12:00","modified_gmt":"2020-02-06T03:12:00","slug":"grupo-provida-pide-a-la-defensoria-pronunciarse-en-contra-del-aborto","status":"publish","type":"post","link":"https:\/\/zonaroja.com.mx\/?p=8455","title":{"rendered":"Grupo ProVida pide a la Defensor\u00eda pronunciarse en contra del aborto"},"content":{"rendered":"\n<p>Evlin Arag\u00f3n\/Zona Roja.<\/p>\n\n\n\n<p>Oaxaca de Ju\u00e1rez, Oax., 5 de febrero de\n2020.- Un grupo de personas de la organizaci\u00f3n ProVida acudi\u00f3 hoy a las\ninstalaciones de la Defensor\u00eda de los Derechos Humanos del Pueblo de Oaxaca\n(DDHPO) para exigir que la instancia se pronuncie a favor del derecho a la vida\ny en contra de la interrupci\u00f3n legal del embarazo &#8211;antes de las 12 semanas de\ngestaci\u00f3n&#8212; vigente en la entidad.<\/p>\n\n\n\n<p>As\u00ed lo dio a conocer mediante un\ncomunicado le\u00eddo y dirigido al defensor, Bernardo Rodr\u00edguez Alamilla, a quien se\nle exigi\u00f3 posicionarse a favor de la vida y realice las acciones necesarias\npara derogar las modificaciones a los art\u00edculos 312, 313, 315 y 316 del C\u00f3digo\nPenal aprobadas por el Congreso del Estado el 25 de septiembre de 2019.<\/p>\n\n\n\n<p>Dichas modificaciones avalan la interrupci\u00f3n del embarazo hasta antes de las 12 semana de gestaci\u00f3n, lo que signific\u00f3 un logro para el movimiento feminista en Oaxaca, M\u00e9xico y Am\u00e9rica Latina que exige acciones contundentes para reducir la muerte de mujeres por abortos clandestinos.<\/p>\n\n\n\n<figure class=\"wp-block-embed-twitter wp-block-embed is-type-rich is-provider-twitter\"><div class=\"wp-block-embed__wrapper\">\n<div class=\"twitter-tweet\"><blockquote class=\"twitter-tweet\" data-lang=\"es\"><p lang=\"es\" dir=\"ltr\">Diversas organizaciones civiles, de profesionistas y religiosas pidieron hoy al titular de la <a href=\"https:\/\/twitter.com\/DDHPO?ref_src=twsrc%5Etfw\">@DDHPO<\/a>, <a href=\"https:\/\/twitter.com\/DefensorOax?ref_src=twsrc%5Etfw\">@DefensorOax<\/a>, pronunciarse a favor de la vida y en contra de la interrupci\u00f3n legal del embarazo. <a href=\"https:\/\/t.co\/7erz2Fy8f9\">pic.twitter.com\/7erz2Fy8f9<\/a><\/p>&mdash; Zona Roja Oaxaca (@MexRoja) <a href=\"https:\/\/twitter.com\/MexRoja\/status\/1225253404391477254?ref_src=twsrc%5Etfw\">6 de febrero de 2020<\/a><\/blockquote><\/div>\n<\/div><\/figure>\n\n\n\n<p>El grupo de manifestantes explic\u00f3 que\nde acuerdo con sus facultades, la Defensor\u00eda podr\u00eda interponer acciones de\ninconstitucional en contra de leyes o disposiciones que contravengan a los derechos\nhumanos, raz\u00f3n por la que insistieron en su intervenci\u00f3n para echar abajo las\nmodificaciones aprobadas por el Congreso local que aseguran cuentan con\nm\u00faltiples contradicciones en la redacci\u00f3n.<\/p>\n\n\n\n<p>Invocando el art\u00edculo 4 de la\nConstituci\u00f3n Pol\u00edtica de los Estados Unidos Mexicanos; 3 y 6 de la Declaraci\u00f3n\nUniversal de los Derechos Humanos; y el 4.1 de la Convenci\u00f3n Americana sobre\nDerechos Humanos \u201cPacto de San Jos\u00e9 de Costa Rica\u201d, el grupo manifestante pidi\u00f3\nel respeto total al derecho a la vida desde el momento de la concepci\u00f3n.<\/p>\n\n\n\n<p>\u201cEl derecho humano fundamental que es\nla protecci\u00f3n de la vida desde el momento de la fecundaci\u00f3n y hasta su muerte\nnatural, es superior y de avanzada sobre cualquier otro derecho, ya que sin\neste derecho los dem\u00e1s derechos no tienen raz\u00f3n de ser\u201d, refiri\u00f3.<\/p>\n\n\n\n<p>Manifest\u00f3 su preocupaci\u00f3n y\nextra\u00f1amiento por la omisi\u00f3n de acciones que hasta el momento ha presentado la\nDefensor\u00eda para salvaguardar el derecho a la vida de las y los oaxaque\u00f1os, sin\nel cual ninguno de los otros derechos humanos encuentra fundamento.<\/p>\n\n\n\n<p>La solicitud presentada ante la\ninstancia fue firmada por representantes del Frente Nacional por la Familia,\nMovimiento C\u00edvico por Oaxaca, Generaci\u00f3n Pro Vida, \u00c1rea M\u00e9dica por Oaxaca, Red\nFamilia y Se\u00f1ales.<\/p>\n","protected":false},"excerpt":{"rendered":"<p>Evlin Arag\u00f3n\/Zona Roja. Oaxaca de Ju\u00e1rez, Oax., 5 de febrero de 2020.- Un grupo de&hellip;<\/p>\n","protected":false},"author":2,"featured_media":8456,"comment_status":"closed","ping_status":"open","sticky":false,"template":"","format":"standard","meta":{"_lmt_disableupdate":"","_lmt_disable":"","_jetpack_memberships_contains_paid_content":false,"footnotes":""},"categories":[109,46],"tags":[1062],"class_list":["post-8455","post","type-post","status-publish","format-standard","has-post-thumbnail","hentry","category-minuto-a-minuto","category-zona-blanca","tag-provida-oaxaca"],"jetpack_featured_media_url":"https:\/\/zonaroja.com.mx\/wp-content\/uploads\/2020\/02\/Protesta-ProVida.jpg","jetpack_sharing_enabled":true,"_links":{"self":[{"href":"https:\/\/zonaroja.com.mx\/index.php?rest_route=\/wp\/v2\/posts\/8455","targetHints":{"allow":["GET"]}}],"collection":[{"href":"https:\/\/zonaroja.com.mx\/index.php?rest_route=\/wp\/v2\/posts"}],"about":[{"href":"https:\/\/zonaroja.com.mx\/index.php?rest_route=\/wp\/v2\/types\/post"}],"author":[{"embeddable":true,"href":"https:\/\/zonaroja.com.mx\/index.php?rest_route=\/wp\/v2\/users\/2"}],"replies":[{"embeddable":true,"href":"https:\/\/zonaroja.com.mx\/index.php?rest_route=%2Fwp%2Fv2%2Fcomments&post=8455"}],"version-history":[{"count":1,"href":"https:\/\/zonaroja.com.mx\/index.php?rest_route=\/wp\/v2\/posts\/8455\/revisions"}],"predecessor-version":[{"id":8457,"href":"https:\/\/zonaroja.com.mx\/index.php?rest_route=\/wp\/v2\/posts\/8455\/revisions\/8457"}],"wp:featuredmedia":[{"embeddable":true,"href":"https:\/\/zonaroja.com.mx\/index.php?rest_route=\/wp\/v2\/media\/8456"}],"wp:attachment":[{"href":"https:\/\/zonaroja.com.mx\/index.php?rest_route=%2Fwp%2Fv2%2Fmedia&parent=8455"}],"wp:term":[{"taxonomy":"category","embeddable":true,"href":"https:\/\/zonaroja.com.mx\/index.php?rest_route=%2Fwp%2Fv2%2Fcategories&post=8455"},{"taxonomy":"post_tag","embeddable":true,"href":"https:\/\/zonaroja.com.mx\/index.php?rest_route=%2Fwp%2Fv2%2Ftags&post=8455"}],"curies":[{"name":"wp","href":"https:\/\/api.w.org\/{rel}","templated":true}]}}