{"id":84551,"date":"2025-09-12T07:01:46","date_gmt":"2025-09-12T13:01:46","guid":{"rendered":"https:\/\/zonaroja.com.mx\/?p=84551"},"modified":"2025-09-12T07:01:52","modified_gmt":"2025-09-12T13:01:52","slug":"suman-9-los-fallecidos-por-la-explosion-de-pipa-de-gas-en-la-cdmx","status":"publish","type":"post","link":"https:\/\/zonaroja.com.mx\/?p=84551","title":{"rendered":"Suman 9 los fallecidos por la explosi\u00f3n de pipa de gas en la Cdmx"},"content":{"rendered":"\n<p>Redacci\u00f3n\/Zona Roja Cdmx.<\/p>\n\n\n\n<p>Ciudad de M\u00e9xico, a 12 de septiembre de 2025.- La Secretar\u00eda de Salud de la Ciudad de M\u00e9xico elev\u00f3 a nueve el n\u00famero de personas fallecidas tras la explosi\u00f3n de una pipa de gas ocurrida en el Puente de la Concordia, en Iztapalapa.<\/p>\n\n\n\n<p>El m\u00e1s reciente fallecimiento que registra la dependencia fue el de Alicia Mat\u00edas Teodoro, la abuelita cuyas im\u00e1genes dieron la vuelta en internet debido a que arriesg\u00f3 su propia vida para salvar a su nieta de dos a\u00f1os de edad, Azuleth. La mujer permanec\u00eda desde ayer en terapia intensiva con quemaduras en el 98% de su cuerpo.<\/p>\n\n\n\n<p>Sin embargo, la familia de Alicia Mat\u00edas asegura que ella sigue viva. Durante la madrugada, su hermana Sandra sali\u00f3 a hablar con medios de comunicaci\u00f3n y coment\u00f3 que su familiar estaba delicada, pero segu\u00eda luchando por su vida y se encontraba sedada. Ante ello, acus\u00f3 que era mentira la lista de la Sedesa, en donde se le incluye.<\/p>\n\n\n\n<p>En su informe emitido a las 23:10 horas, la Sedesa detall\u00f3 que 22 personas han sido dadas de alta y 55 contin\u00faan hospitalizadas como consecuencia del siniestro.<\/p>\n\n\n\n<p>\u201cSeguiremos brindando atenci\u00f3n y actualizando la informaci\u00f3n conforme avance la situaci\u00f3n\u201d, inform\u00f3 la dependencia a trav\u00e9s de sus redes sociales, en donde tambi\u00e9n comparti\u00f3 la lista actualizada de v\u00edctimas.<\/p>\n\n\n\n<p>Para conocer el estado de personas lesionadas, las autoridades han puesto a disposici\u00f3n de la ciudadan\u00eda la l\u00ednea telef\u00f3nica 55 5683 2222.<\/p>\n\n\n\n<p>Tras la explosi\u00f3n ocurrida el 10 de septiembre en el Puente de la Concordia, Iztapalapa, las autoridades han confirmado la muerte de nueve personas.&nbsp;<\/p>\n\n\n\n<p>Con el paso de las horas, familiares, instituciones educativas y medios han compartido detalles sobre la identidad y el trasfondo de algunas de las v\u00edctimas.<\/p>\n\n\n\n<p>A partir de estos testimonios y reportes, se han conocido los perfiles de quienes perdieron la vida en el accidente, as\u00ed como aspectos de sus historias personales, actividades cotidianas y v\u00ednculos familiares.<\/p>\n\n\n\n<p>LAS V\u00cdCTIMAS<\/p>\n\n\n\n<p><strong>Ana Daniela Barrag\u00e1n Ram\u00edrez<\/strong><\/p>\n\n\n\n<p>Estudiante de 19 a\u00f1os de la Facultad de Estudios Superiores Cuautitl\u00e1n (UNAM). Se dirig\u00eda a sus actividades cotidianas cuando ocurri\u00f3 la explosi\u00f3n. Inicialmente no fue identificada y su familia la localiz\u00f3 porque su celular.<\/p>\n\n\n\n<p><strong>Juan Carlos S\u00e1nchez Blas<\/strong><\/p>\n\n\n\n<p>Alumno del Centro de Estudios Cient\u00edficos y Tecnol\u00f3gicos (CECyT) 7 \u201cCuauht\u00e9moc\u201d del Instituto Polit\u00e9cnico Nacional (IPN), muri\u00f3 tras resultar herido en la explosi\u00f3n. El IPN confirm\u00f3 su fallecimiento y expres\u00f3 sus condolencias a la familia y comunidad estudiantil.<\/p>\n\n\n\n<p><strong>Carlos Iv\u00e1n Contreras Salinas<\/strong><\/p>\n\n\n\n<p>De 29 a\u00f1os. Reportes period\u00edsticos indican que fue trasladado del Hospital General \u201cJos\u00e9 Mar\u00eda Morelos y Pav\u00f3n\u201d al Hospital Regional Zaragoza ISSSTE.<\/p>\n\n\n\n<p><strong>Irving Uriel Carrillo Reyes<\/strong><\/p>\n\n\n\n<p>De 20 a\u00f1os, sufri\u00f3 quemaduras en el 95% de su cuerpo y falleci\u00f3 en el Instituto Nacional de Rehabilitaci\u00f3n. No hay datos espec\u00edficos sobre su ocupaci\u00f3n o entorno familiar, solo que su caso fue uno de los m\u00e1s graves.<\/p>\n\n\n\n<p><strong>Misael Cano Rodr\u00edguez<\/strong><\/p>\n\n\n\n<p>De 39 a\u00f1os, falleci\u00f3 en el Instituto Nacional de Rehabilitaci\u00f3n. Se tiene conocimiento de que fue un trabajador de limpia en dicha alcald\u00eda.<\/p>\n\n\n\n<p><strong>Alicia Mat\u00edas Teodoro<\/strong><\/p>\n\n\n\n<p>De 49 a\u00f1os, Alicia estaba trabajando como checadora en el paradero de Santa Martha cuando ocurri\u00f3 el accidente. Todos los d\u00edas cuidaba a su nieta Azuleth, mientras su hija trabajaba como intendente. El d\u00eda de la explosi\u00f3n cubri\u00f3 a la ni\u00f1a con su propio cuerpo para protegerla de las llamas.<\/p>\n\n\n\n<p><strong>Oscar Rub\u00e9n Uriel Cortez Cisneros<\/strong><\/p>\n\n\n\n<p>De 57 a\u00f1os. Perdi\u00f3 la vida en el Hospital General Rub\u00e9n Le\u00f1ero. Informaci\u00f3n sobre su ocupaci\u00f3n o vida personal a\u00fan no ha sido difundida.<\/p>\n\n\n\n<p><strong>Eduardo No\u00e9 Garc\u00eda Morales<\/strong><\/p>\n\n\n\n<p>Maestro de matem\u00e1ticas, laboraba como docente y era reconocido por su trabajo educativo. Su deceso fue lamentado por alumnos y colegas a trav\u00e9s de redes sociales. Recibi\u00f3 atenci\u00f3n en la Cl\u00ednica Hospital \u201cEmiliano Zapata\u201d.<\/p>\n\n\n\n<p><strong>Juan Antonio Hern\u00e1ndez Betancourt<\/strong><\/p>\n\n\n\n<p>Apareci\u00f3 registrado en reportes hospitalarios, pero no existen hasta el momento historias personales difundidas sobre \u00e9l en medios.<\/p>\n\n\n\n<p>Aunque en redes ha trascendido el fallecimiento de m\u00e1s personas, ellos son las \u00fanica ocho reconocidas oficialmente en el listado de la Secretar\u00eda de Salud capitalina.<\/p>\n\n\n\n<p>(Informaci\u00f3n de Infobae M\u00e9xico)<\/p>\n","protected":false},"excerpt":{"rendered":"<p>Redacci\u00f3n\/Zona Roja Cdmx. Ciudad de M\u00e9xico, a 12 de septiembre de 2025.- La Secretar\u00eda de&hellip;<\/p>\n","protected":false},"author":2,"featured_media":84552,"comment_status":"closed","ping_status":"open","sticky":false,"template":"","format":"standard","meta":{"_lmt_disableupdate":"","_lmt_disable":"","_jetpack_memberships_contains_paid_content":false,"footnotes":""},"categories":[109,47],"tags":[4443],"class_list":["post-84551","post","type-post","status-publish","format-standard","has-post-thumbnail","hentry","category-minuto-a-minuto","category-zona-gris","tag-explosion-pipa-iztapalapa"],"jetpack_featured_media_url":"https:\/\/zonaroja.com.mx\/wp-content\/uploads\/2025\/09\/Incendio-pipa-Cdmx-Iztapalapa.jpg","jetpack_sharing_enabled":true,"_links":{"self":[{"href":"https:\/\/zonaroja.com.mx\/index.php?rest_route=\/wp\/v2\/posts\/84551","targetHints":{"allow":["GET"]}}],"collection":[{"href":"https:\/\/zonaroja.com.mx\/index.php?rest_route=\/wp\/v2\/posts"}],"about":[{"href":"https:\/\/zonaroja.com.mx\/index.php?rest_route=\/wp\/v2\/types\/post"}],"author":[{"embeddable":true,"href":"https:\/\/zonaroja.com.mx\/index.php?rest_route=\/wp\/v2\/users\/2"}],"replies":[{"embeddable":true,"href":"https:\/\/zonaroja.com.mx\/index.php?rest_route=%2Fwp%2Fv2%2Fcomments&post=84551"}],"version-history":[{"count":1,"href":"https:\/\/zonaroja.com.mx\/index.php?rest_route=\/wp\/v2\/posts\/84551\/revisions"}],"predecessor-version":[{"id":84553,"href":"https:\/\/zonaroja.com.mx\/index.php?rest_route=\/wp\/v2\/posts\/84551\/revisions\/84553"}],"wp:featuredmedia":[{"embeddable":true,"href":"https:\/\/zonaroja.com.mx\/index.php?rest_route=\/wp\/v2\/media\/84552"}],"wp:attachment":[{"href":"https:\/\/zonaroja.com.mx\/index.php?rest_route=%2Fwp%2Fv2%2Fmedia&parent=84551"}],"wp:term":[{"taxonomy":"category","embeddable":true,"href":"https:\/\/zonaroja.com.mx\/index.php?rest_route=%2Fwp%2Fv2%2Fcategories&post=84551"},{"taxonomy":"post_tag","embeddable":true,"href":"https:\/\/zonaroja.com.mx\/index.php?rest_route=%2Fwp%2Fv2%2Ftags&post=84551"}],"curies":[{"name":"wp","href":"https:\/\/api.w.org\/{rel}","templated":true}]}}