{"id":84554,"date":"2025-09-12T08:19:00","date_gmt":"2025-09-12T14:19:00","guid":{"rendered":"https:\/\/zonaroja.com.mx\/?p=84554"},"modified":"2025-09-12T08:08:22","modified_gmt":"2025-09-12T14:08:22","slug":"otra-vez-juchitan-y-el-edil-morenista-otro-crimen-en-juxtlahuaca","status":"publish","type":"post","link":"https:\/\/zonaroja.com.mx\/?p=84554","title":{"rendered":"\u00a1Otra vez Juchit\u00e1n! \u00bfY el edil morenista? Otro crimen en Juxtlahuaca"},"content":{"rendered":"\n<p>Raymundo Morales\/Zona Roja.<\/p>\n\n\n\n<p>Oaxaca, Oax., a 12 de septiembre de 2025.- De nueva cuenta la sangre corri\u00f3 en Juchit\u00e1n de Zaragoza, con el ataque armado a dos personas, una de las cuales perdi\u00f3 la vida.<\/p>\n\n\n\n<p>Los hechos ocurrieron ayer jueves alrededor de las 17:00 horas, en que sujetos armados dispararon en contra de dos individuos en una vialidad de la colonia Gustavo Pineda de la Cruz.<\/p>\n\n\n\n<p>Ambos fueron trasladados por sus familiares a un hospital; sin embargo, debido a la gravedad de las lesiones, uno de ellos, identificado de manera preliminar como Juli\u00e1n E. V., muri\u00f3; la otra persona sigue internada y a\u00fan no ha sido identificada.<\/p>\n\n\n\n<p>Apenas el pasado lunes en dos hechos distintos, un individuo fue ejecutado en la S\u00e9ptima Secci\u00f3n, mientras que el domingo anterior, fueron ultimadas dos personas, entre ellas un menor de edad.<\/p>\n\n\n\n<p>Pese a ello, el gobierno municipal que encabeza el edil morenista Miguel S\u00e1nchez Altamirano, no ha atendido los reclamos de seguridad de la poblaci\u00f3n ni ha incrementado los patrullajes.<\/p>\n\n\n\n<p>Otro crimen ocurri\u00f3 anoche en Santiago Juxtlahuaca, municipio de la regi\u00f3n Mixteca del estado.<\/p>\n\n\n\n<p>Fue en un local de pizzas ubicado en el Barrio Santo Ni\u00f1o, donde sujetos armados ingresaron para disparar en contra del due\u00f1o del establecimiento, tras lo cual huyeron, ante la mirada de los clientes.<\/p>\n\n\n\n<p>La v\u00edctima a\u00fan no ha sido identificada y seg\u00fan han informado, reci\u00e9n hab\u00eda regresado de los Estados Unidos, donde estuvo de migrante, para poner su negocio de pizzas.<\/p>\n\n\n\n<p>Por otra parte, en la localidad de Monte del Toro, distrito de Ejutla, en la regi\u00f3n Valles Centrales, se report\u00f3 ayer el asesinato de una persona del sexo masculino.<\/p>\n\n\n\n<p>La v\u00edctima fue identificada de manera preliminar como Jos\u00e9 Rafael S. P., de unos 54 a\u00f1os de edad, quien presenta varios impactos de arma de fuego y hasta el momento se desconoce el m\u00f3vil del crimen.<\/p>\n","protected":false},"excerpt":{"rendered":"<p>Raymundo Morales\/Zona Roja. Oaxaca, Oax., a 12 de septiembre de 2025.- De nueva cuenta la&hellip;<\/p>\n","protected":false},"author":2,"featured_media":68708,"comment_status":"closed","ping_status":"open","sticky":false,"template":"","format":"standard","meta":{"_lmt_disableupdate":"","_lmt_disable":"","_jetpack_memberships_contains_paid_content":false,"footnotes":""},"categories":[109,51],"tags":[297,826],"class_list":["post-84554","post","type-post","status-publish","format-standard","has-post-thumbnail","hentry","category-minuto-a-minuto","category-zona-roja","tag-ejecutado-juchitan","tag-santiago-juxtlahuaca"],"jetpack_featured_media_url":"https:\/\/zonaroja.com.mx\/wp-content\/uploads\/2024\/05\/Escena-asesinato-crimen-.jpeg","jetpack_sharing_enabled":true,"_links":{"self":[{"href":"https:\/\/zonaroja.com.mx\/index.php?rest_route=\/wp\/v2\/posts\/84554","targetHints":{"allow":["GET"]}}],"collection":[{"href":"https:\/\/zonaroja.com.mx\/index.php?rest_route=\/wp\/v2\/posts"}],"about":[{"href":"https:\/\/zonaroja.com.mx\/index.php?rest_route=\/wp\/v2\/types\/post"}],"author":[{"embeddable":true,"href":"https:\/\/zonaroja.com.mx\/index.php?rest_route=\/wp\/v2\/users\/2"}],"replies":[{"embeddable":true,"href":"https:\/\/zonaroja.com.mx\/index.php?rest_route=%2Fwp%2Fv2%2Fcomments&post=84554"}],"version-history":[{"count":2,"href":"https:\/\/zonaroja.com.mx\/index.php?rest_route=\/wp\/v2\/posts\/84554\/revisions"}],"predecessor-version":[{"id":84567,"href":"https:\/\/zonaroja.com.mx\/index.php?rest_route=\/wp\/v2\/posts\/84554\/revisions\/84567"}],"wp:featuredmedia":[{"embeddable":true,"href":"https:\/\/zonaroja.com.mx\/index.php?rest_route=\/wp\/v2\/media\/68708"}],"wp:attachment":[{"href":"https:\/\/zonaroja.com.mx\/index.php?rest_route=%2Fwp%2Fv2%2Fmedia&parent=84554"}],"wp:term":[{"taxonomy":"category","embeddable":true,"href":"https:\/\/zonaroja.com.mx\/index.php?rest_route=%2Fwp%2Fv2%2Fcategories&post=84554"},{"taxonomy":"post_tag","embeddable":true,"href":"https:\/\/zonaroja.com.mx\/index.php?rest_route=%2Fwp%2Fv2%2Ftags&post=84554"}],"curies":[{"name":"wp","href":"https:\/\/api.w.org\/{rel}","templated":true}]}}